{"id":135,"date":"2019-05-03T19:00:22","date_gmt":"2019-05-03T17:00:22","guid":{"rendered":"https:\/\/fibromialgiabenavente.es\/?p=135"},"modified":"2019-05-03T19:16:37","modified_gmt":"2019-05-03T17:16:37","slug":"gala-benefica-afibe","status":"publish","type":"post","link":"https:\/\/fibromialgiabenavente.es\/?p=135","title":{"rendered":"Gala Ben\u00e9fica AFIBE"},"content":{"rendered":"\n<figure class=\"wp-block-image\"><img fetchpriority=\"high\" decoding=\"async\" width=\"679\" height=\"960\" data-attachment-id=\"136\" data-permalink=\"https:\/\/fibromialgiabenavente.es\/?attachment_id=136\" data-orig-file=\"https:\/\/i0.wp.com\/fibromialgiabenavente.es\/wp-content\/uploads\/2019\/05\/Gala-Ben\u00e9fica.jpg?fit=679%2C960&amp;ssl=1\" data-orig-size=\"679,960\" data-comments-opened=\"1\" data-image-meta=\"{&quot;aperture&quot;:&quot;0&quot;,&quot;credit&quot;:&quot;&quot;,&quot;camera&quot;:&quot;&quot;,&quot;caption&quot;:&quot;&quot;,&quot;created_timestamp&quot;:&quot;0&quot;,&quot;copyright&quot;:&quot;&quot;,&quot;focal_length&quot;:&quot;0&quot;,&quot;iso&quot;:&quot;0&quot;,&quot;shutter_speed&quot;:&quot;0&quot;,&quot;title&quot;:&quot;&quot;,&quot;orientation&quot;:&quot;0&quot;}\" data-image-title=\"Gala Ben\u00e9fica\" data-image-description=\"\" data-image-caption=\"\" data-medium-file=\"https:\/\/i0.wp.com\/fibromialgiabenavente.es\/wp-content\/uploads\/2019\/05\/Gala-Ben\u00e9fica.jpg?fit=212%2C300&amp;ssl=1\" data-large-file=\"https:\/\/i0.wp.com\/fibromialgiabenavente.es\/wp-content\/uploads\/2019\/05\/Gala-Ben\u00e9fica.jpg?fit=679%2C960&amp;ssl=1\" src=\"https:\/\/i0.wp.com\/fibromialgiabenavente.es\/wp-content\/uploads\/2019\/05\/Gala-Ben\u00e9fica.jpg?resize=679%2C960&#038;ssl=1\" alt=\"\" class=\"wp-image-136\" srcset=\"https:\/\/i0.wp.com\/fibromialgiabenavente.es\/wp-content\/uploads\/2019\/05\/Gala-Ben\u00e9fica.jpg?w=679&amp;ssl=1 679w, https:\/\/i0.wp.com\/fibromialgiabenavente.es\/wp-content\/uploads\/2019\/05\/Gala-Ben\u00e9fica.jpg?resize=212%2C300&amp;ssl=1 212w\" sizes=\"(max-width: 679px) 100vw, 679px\" data-recalc-dims=\"1\" \/><\/figure>\n\n\n\n<p>El pr\u00f3ximo 11 de mayo, a las 19:30 horas en el Teatro Reina Sof\u00eda, nuestra asociaci\u00f3n tendr\u00e1 su Gala Ben\u00e9fica.<\/p>\n\n\n\n<p>La organizaci\u00f3n est\u00e1 a cargo de la <em><strong>Escuela de Baile Encarna Due\u00f1as<\/strong><\/em>. Ser\u00e1 una tarde entretenida donde podremos disfrutar de numerosas actuaciones de baile y adem\u00e1s,   escucharemos en directo al grupo<em> <strong>Proskuneo Band<\/strong>.<\/em><\/p>\n\n\n\n<p>La asociaci\u00f3n tambi\u00e9n leer\u00e1 un manifiesto reivindicando los derechos de los enfermos de fibromialgia y fatiga cr\u00f3nica.<\/p>\n\n\n\n<p>Las entradas ya est\u00e1n disponibles a la venta en la sede de nuestra asociaci\u00f3n (calle Lagares, 7) de lunes a viernes de 10 a 13:30 horas,en la Escuela de Baile Encarna Due\u00f1as y el mismo d\u00eda de la actuaci\u00f3n una hora antes en taquilla. El precio de la entrada son 3\u20ac.<\/p>\n\n\n\n<p><\/p>\n\n\n\n<h2 class=\"wp-block-heading\"><\/h2>\n","protected":false},"excerpt":{"rendered":"<p>El pr\u00f3ximo 11 de mayo, a las 19:30 horas en el Teatro Reina Sof\u00eda, nuestra asociaci\u00f3n tendr\u00e1 su Gala Ben\u00e9fica. La organizaci\u00f3n est\u00e1 a cargo &hellip;<\/p>\n","protected":false},"author":2,"featured_media":0,"comment_status":"open","ping_status":"open","sticky":false,"template":"","format":"standard","meta":{"jetpack_post_was_ever_published":false,"_jetpack_newsletter_access":"","_jetpack_dont_email_post_to_subs":false,"_jetpack_newsletter_tier_id":0,"_jetpack_memberships_contains_paywalled_content":false,"_jetpack_memberships_contains_paid_content":false,"footnotes":"","jetpack_publicize_message":"","jetpack_publicize_feature_enabled":true,"jetpack_social_post_already_shared":true,"jetpack_social_options":{"image_generator_settings":{"template":"highway","enabled":false}}},"categories":[7,1],"tags":[],"class_list":["post-135","post","type-post","status-publish","format-standard","hentry","category-blog","category-general"],"jetpack_publicize_connections":[],"jetpack_featured_media_url":"","jetpack_sharing_enabled":true,"jetpack_shortlink":"https:\/\/wp.me\/paNReN-2b","jetpack-related-posts":[],"_links":{"self":[{"href":"https:\/\/fibromialgiabenavente.es\/index.php?rest_route=\/wp\/v2\/posts\/135","targetHints":{"allow":["GET"]}}],"collection":[{"href":"https:\/\/fibromialgiabenavente.es\/index.php?rest_route=\/wp\/v2\/posts"}],"about":[{"href":"https:\/\/fibromialgiabenavente.es\/index.php?rest_route=\/wp\/v2\/types\/post"}],"author":[{"embeddable":true,"href":"https:\/\/fibromialgiabenavente.es\/index.php?rest_route=\/wp\/v2\/users\/2"}],"replies":[{"embeddable":true,"href":"https:\/\/fibromialgiabenavente.es\/index.php?rest_route=%2Fwp%2Fv2%2Fcomments&post=135"}],"version-history":[{"count":5,"href":"https:\/\/fibromialgiabenavente.es\/index.php?rest_route=\/wp\/v2\/posts\/135\/revisions"}],"predecessor-version":[{"id":143,"href":"https:\/\/fibromialgiabenavente.es\/index.php?rest_route=\/wp\/v2\/posts\/135\/revisions\/143"}],"wp:attachment":[{"href":"https:\/\/fibromialgiabenavente.es\/index.php?rest_route=%2Fwp%2Fv2%2Fmedia&parent=135"}],"wp:term":[{"taxonomy":"category","embeddable":true,"href":"https:\/\/fibromialgiabenavente.es\/index.php?rest_route=%2Fwp%2Fv2%2Fcategories&post=135"},{"taxonomy":"post_tag","embeddable":true,"href":"https:\/\/fibromialgiabenavente.es\/index.php?rest_route=%2Fwp%2Fv2%2Ftags&post=135"}],"curies":[{"name":"wp","href":"https:\/\/api.w.org\/{rel}","templated":true}]}}