{"id":144,"date":"2019-05-06T17:48:05","date_gmt":"2019-05-06T15:48:05","guid":{"rendered":"https:\/\/fibromialgiabenavente.es\/?p=144"},"modified":"2019-05-06T17:48:20","modified_gmt":"2019-05-06T15:48:20","slug":"no-a-la-guia-del-inss-mesa-informativa-9-de-mayo","status":"publish","type":"post","link":"https:\/\/fibromialgiabenavente.es\/?p=144","title":{"rendered":"\u00abNo a la Gu\u00eda del INSS\u00bb &#8211; Mesa informativa 9 de mayo"},"content":{"rendered":"\n<p> Este pr\u00f3ximo 9 de mayo habr\u00e1 <strong>concentraciones en todas las ciudades de Espa\u00f1a<\/strong> para reivindicar la retirada de la Gu\u00eda de Valoraci\u00f3n y entregar en todas las Delegaciones provinciales del INSS la contraposici\u00f3n a la gu\u00eda elaborada por CONFESQ. <\/p>\n\n\n\n<p> <strong>A.F.I.B.E pondr\u00e1 una mesa informativa a las 11:00 de la ma\u00f1ana entre la Calle Herreros y la Calle San Ant\u00f3n para dar visibilidad a estas enfermedades. <\/strong><\/p>\n\n\n\n<figure class=\"wp-block-image\"><img fetchpriority=\"high\" decoding=\"async\" width=\"2048\" height=\"2048\" data-attachment-id=\"145\" data-permalink=\"https:\/\/fibromialgiabenavente.es\/?attachment_id=145\" data-orig-file=\"https:\/\/i0.wp.com\/fibromialgiabenavente.es\/wp-content\/uploads\/2019\/05\/IMG_7569.jpg?fit=2048%2C2048&amp;ssl=1\" data-orig-size=\"2048,2048\" data-comments-opened=\"1\" data-image-meta=\"{&quot;aperture&quot;:&quot;0&quot;,&quot;credit&quot;:&quot;&quot;,&quot;camera&quot;:&quot;&quot;,&quot;caption&quot;:&quot;&quot;,&quot;created_timestamp&quot;:&quot;0&quot;,&quot;copyright&quot;:&quot;&quot;,&quot;focal_length&quot;:&quot;0&quot;,&quot;iso&quot;:&quot;0&quot;,&quot;shutter_speed&quot;:&quot;0&quot;,&quot;title&quot;:&quot;&quot;,&quot;orientation&quot;:&quot;1&quot;}\" data-image-title=\"IMG_7569\" data-image-description=\"\" data-image-caption=\"\" data-medium-file=\"https:\/\/i0.wp.com\/fibromialgiabenavente.es\/wp-content\/uploads\/2019\/05\/IMG_7569.jpg?fit=300%2C300&amp;ssl=1\" data-large-file=\"https:\/\/i0.wp.com\/fibromialgiabenavente.es\/wp-content\/uploads\/2019\/05\/IMG_7569.jpg?fit=760%2C760&amp;ssl=1\" src=\"https:\/\/i0.wp.com\/fibromialgiabenavente.es\/wp-content\/uploads\/2019\/05\/IMG_7569.jpg?fit=525%2C525\" alt=\"\" class=\"wp-image-145\" srcset=\"https:\/\/i0.wp.com\/fibromialgiabenavente.es\/wp-content\/uploads\/2019\/05\/IMG_7569.jpg?w=2048&amp;ssl=1 2048w, https:\/\/i0.wp.com\/fibromialgiabenavente.es\/wp-content\/uploads\/2019\/05\/IMG_7569.jpg?resize=150%2C150&amp;ssl=1 150w, https:\/\/i0.wp.com\/fibromialgiabenavente.es\/wp-content\/uploads\/2019\/05\/IMG_7569.jpg?resize=300%2C300&amp;ssl=1 300w, https:\/\/i0.wp.com\/fibromialgiabenavente.es\/wp-content\/uploads\/2019\/05\/IMG_7569.jpg?resize=768%2C768&amp;ssl=1 768w, https:\/\/i0.wp.com\/fibromialgiabenavente.es\/wp-content\/uploads\/2019\/05\/IMG_7569.jpg?resize=1024%2C1024&amp;ssl=1 1024w, https:\/\/i0.wp.com\/fibromialgiabenavente.es\/wp-content\/uploads\/2019\/05\/IMG_7569.jpg?resize=100%2C100&amp;ssl=1 100w, https:\/\/i0.wp.com\/fibromialgiabenavente.es\/wp-content\/uploads\/2019\/05\/IMG_7569.jpg?w=1520&amp;ssl=1 1520w\" sizes=\"(max-width: 760px) 100vw, 760px\" \/><\/figure>\n\n\n\n<p>El pasado 18 enero  el Instituto Nacional de la Seguridad Social public\u00f3 la \u201cGu\u00eda de Actualizaci\u00f3n en la Valoraci\u00f3n de Fibromialgia, S\u00edndrome de Fatiga Cr\u00f3nica, Sensibilidad Qu\u00edmica M\u00faltiple, Electrosensibilidad y Trastornos Somatomorfos.   <\/p>\n\n\n\n<p>M\u00e1s de 150 asociaciones, numerosos profesionales de la salud, de la psicolog\u00eda y el trabajo social, y m\u00e1s de 24.000 personas han firmado en contra de esta gu\u00eda solicitando su retirada y la elaboraci\u00f3n de una nueva ya que consideramos que es un retroceso de m\u00e1s de 20 a\u00f1os en el reconocimiento de estas enferme<\/p>\n\n\n\n<p>CONFESQ (Cualici\u00f3n Nacional de entidades de FM, SFC, SQM y Electrohipersensibilidad) ha elaborado una contraposici\u00f3n a esta gu\u00eda explicando el porqu\u00e9 de este rechazo:<\/p>\n\n\n\n<ul class=\"wp-block-list\"><li>Elaborado por 5 inspectores del INSS. No han contado con profesionales dedicados a estas enfermedades ni con isntituciones profesionales relacionados con los pacientes afectados de estas enfermedades.<\/li><li>Incluyen en la gu\u00eda el trastorno somatoforme, el cual est\u00e1 incluido en el \u00e1mbito de las enfermedades psiqui\u00e1tricas.<\/li><li>Las recomendaciones en el uso de criterios de diagn\u00f3stico, clasificaci\u00f3n y evaluaci\u00f3n est\u00e1n desactualizados.<\/li><li>utilizan t\u00e9rminos peyorativos.<\/li><li>Algunos de los planteamientos y recomendaciones de tratamiento que recoge la gu\u00eda suponen un riesgo para la salud.<\/li><li>Existen contradicciones. Un ejemplo de ello es que indica que los pacientes con sensibilidad qu\u00edmica m\u00faltiple no se les debe de recomendar la evitaci\u00f3n de los t\u00f3xicos. Sin embargo el documento de consenso sobre sensibilidad qu\u00edmica m\u00faltiple elaborado por el ministerio de sanidad en el a\u00f1o 2011 dice que si.<\/li><\/ul>\n\n\n\n<p>Por todo ello, pedimos elaborar una nueva gu\u00eda que cuente con expertos en la materia: Sociedades Cient\u00edficas, Sociedad Espa\u00f1ola de fibromialgia y fatiga cr\u00f3nica, Sociedad Espa\u00f1ola de Reumatolog\u00eda, Sociedad Espa\u00f1ola del Dolor, Instituciones de pacientes&#8230;<\/p>\n\n\n\n<p>Empeora la situaci\u00f3n social y laboral de los pacientes, vulnera los derechos fundamentales en materia de salud as\u00ed como el acceso a prestaciones y a la  atenci\u00f3n de Servicios Sociales. Adem\u00e1s, pone en riesgo la salud.<\/p>\n\n\n\n<p><\/p>\n\n\n\n<p><\/p>\n","protected":false},"excerpt":{"rendered":"<p>Este pr\u00f3ximo 9 de mayo habr\u00e1 concentraciones en todas las ciudades de Espa\u00f1a para reivindicar la retirada de la Gu\u00eda de Valoraci\u00f3n y entregar en &hellip;<\/p>\n","protected":false},"author":2,"featured_media":0,"comment_status":"open","ping_status":"open","sticky":false,"template":"","format":"standard","meta":{"jetpack_post_was_ever_published":false,"_jetpack_newsletter_access":"","_jetpack_dont_email_post_to_subs":false,"_jetpack_newsletter_tier_id":0,"_jetpack_memberships_contains_paywalled_content":false,"_jetpack_memberships_contains_paid_content":false,"footnotes":"","jetpack_publicize_message":"","jetpack_publicize_feature_enabled":true,"jetpack_social_post_already_shared":true,"jetpack_social_options":{"image_generator_settings":{"template":"highway","enabled":false}}},"categories":[1],"tags":[],"class_list":["post-144","post","type-post","status-publish","format-standard","hentry","category-general"],"jetpack_publicize_connections":[],"jetpack_featured_media_url":"","jetpack_sharing_enabled":true,"jetpack_shortlink":"https:\/\/wp.me\/paNReN-2k","jetpack-related-posts":[],"_links":{"self":[{"href":"https:\/\/fibromialgiabenavente.es\/index.php?rest_route=\/wp\/v2\/posts\/144","targetHints":{"allow":["GET"]}}],"collection":[{"href":"https:\/\/fibromialgiabenavente.es\/index.php?rest_route=\/wp\/v2\/posts"}],"about":[{"href":"https:\/\/fibromialgiabenavente.es\/index.php?rest_route=\/wp\/v2\/types\/post"}],"author":[{"embeddable":true,"href":"https:\/\/fibromialgiabenavente.es\/index.php?rest_route=\/wp\/v2\/users\/2"}],"replies":[{"embeddable":true,"href":"https:\/\/fibromialgiabenavente.es\/index.php?rest_route=%2Fwp%2Fv2%2Fcomments&post=144"}],"version-history":[{"count":2,"href":"https:\/\/fibromialgiabenavente.es\/index.php?rest_route=\/wp\/v2\/posts\/144\/revisions"}],"predecessor-version":[{"id":147,"href":"https:\/\/fibromialgiabenavente.es\/index.php?rest_route=\/wp\/v2\/posts\/144\/revisions\/147"}],"wp:attachment":[{"href":"https:\/\/fibromialgiabenavente.es\/index.php?rest_route=%2Fwp%2Fv2%2Fmedia&parent=144"}],"wp:term":[{"taxonomy":"category","embeddable":true,"href":"https:\/\/fibromialgiabenavente.es\/index.php?rest_route=%2Fwp%2Fv2%2Fcategories&post=144"},{"taxonomy":"post_tag","embeddable":true,"href":"https:\/\/fibromialgiabenavente.es\/index.php?rest_route=%2Fwp%2Fv2%2Ftags&post=144"}],"curies":[{"name":"wp","href":"https:\/\/api.w.org\/{rel}","templated":true}]}}