{"id":148,"date":"2019-05-10T12:54:54","date_gmt":"2019-05-10T10:54:54","guid":{"rendered":"https:\/\/fibromialgiabenavente.es\/?p=148"},"modified":"2019-05-10T12:59:54","modified_gmt":"2019-05-10T10:59:54","slug":"afibe-mesa-informativa","status":"publish","type":"post","link":"https:\/\/fibromialgiabenavente.es\/?p=148","title":{"rendered":"AFIBE tambi\u00e9n dice \u00abNo a la gu\u00eda del INSS\u00bb"},"content":{"rendered":"\n<figure class=\"wp-block-image\"><img fetchpriority=\"high\" decoding=\"async\" width=\"750\" height=\"562\" data-attachment-id=\"149\" data-permalink=\"https:\/\/fibromialgiabenavente.es\/?attachment_id=149\" data-orig-file=\"https:\/\/i0.wp.com\/fibromialgiabenavente.es\/wp-content\/uploads\/2019\/05\/guia.jpg?fit=750%2C562&amp;ssl=1\" data-orig-size=\"750,562\" data-comments-opened=\"1\" data-image-meta=\"{&quot;aperture&quot;:&quot;0&quot;,&quot;credit&quot;:&quot;&quot;,&quot;camera&quot;:&quot;&quot;,&quot;caption&quot;:&quot;&quot;,&quot;created_timestamp&quot;:&quot;0&quot;,&quot;copyright&quot;:&quot;&quot;,&quot;focal_length&quot;:&quot;0&quot;,&quot;iso&quot;:&quot;0&quot;,&quot;shutter_speed&quot;:&quot;0&quot;,&quot;title&quot;:&quot;&quot;,&quot;orientation&quot;:&quot;0&quot;}\" data-image-title=\"guia\" data-image-description=\"\" data-image-caption=\"\" data-medium-file=\"https:\/\/i0.wp.com\/fibromialgiabenavente.es\/wp-content\/uploads\/2019\/05\/guia.jpg?fit=300%2C225&amp;ssl=1\" data-large-file=\"https:\/\/i0.wp.com\/fibromialgiabenavente.es\/wp-content\/uploads\/2019\/05\/guia.jpg?fit=750%2C562&amp;ssl=1\" src=\"https:\/\/i0.wp.com\/fibromialgiabenavente.es\/wp-content\/uploads\/2019\/05\/guia.jpg?resize=750%2C562&#038;ssl=1\" alt=\"\" class=\"wp-image-149\" srcset=\"https:\/\/i0.wp.com\/fibromialgiabenavente.es\/wp-content\/uploads\/2019\/05\/guia.jpg?w=750&amp;ssl=1 750w, https:\/\/i0.wp.com\/fibromialgiabenavente.es\/wp-content\/uploads\/2019\/05\/guia.jpg?resize=300%2C225&amp;ssl=1 300w\" sizes=\"(max-width: 750px) 100vw, 750px\" data-recalc-dims=\"1\" \/><\/figure>\n\n\n\n<p>Durante la ma\u00f1ana del 9 de mayo, Afibe tuvo una mesa informativa para explicar a la ciudadan\u00eda el porqu\u00e9 la Asociaci\u00f3n de Fibromialgia y Fatiga Cr\u00f3nica de Benavente se ha unido, junto con m\u00e1s de 170 de asociaciones de toda Espa\u00f1a, a la petici\u00f3n de la retirada de la gu\u00eda de valoraci\u00f3n realizada por el Instituto Nacional de la Seguridad Social.<\/p>\n\n\n\n<figure class=\"wp-block-image\"><img decoding=\"async\" width=\"760\" height=\"570\" data-attachment-id=\"150\" data-permalink=\"https:\/\/fibromialgiabenavente.es\/?attachment_id=150\" data-orig-file=\"https:\/\/i0.wp.com\/fibromialgiabenavente.es\/wp-content\/uploads\/2019\/05\/guia-1.jpg?fit=960%2C720&amp;ssl=1\" data-orig-size=\"960,720\" data-comments-opened=\"1\" data-image-meta=\"{&quot;aperture&quot;:&quot;0&quot;,&quot;credit&quot;:&quot;&quot;,&quot;camera&quot;:&quot;&quot;,&quot;caption&quot;:&quot;&quot;,&quot;created_timestamp&quot;:&quot;0&quot;,&quot;copyright&quot;:&quot;&quot;,&quot;focal_length&quot;:&quot;0&quot;,&quot;iso&quot;:&quot;0&quot;,&quot;shutter_speed&quot;:&quot;0&quot;,&quot;title&quot;:&quot;&quot;,&quot;orientation&quot;:&quot;0&quot;}\" data-image-title=\"guia 1\" data-image-description=\"\" data-image-caption=\"\" data-medium-file=\"https:\/\/i0.wp.com\/fibromialgiabenavente.es\/wp-content\/uploads\/2019\/05\/guia-1.jpg?fit=300%2C225&amp;ssl=1\" data-large-file=\"https:\/\/i0.wp.com\/fibromialgiabenavente.es\/wp-content\/uploads\/2019\/05\/guia-1.jpg?fit=760%2C570&amp;ssl=1\" src=\"https:\/\/i0.wp.com\/fibromialgiabenavente.es\/wp-content\/uploads\/2019\/05\/guia-1.jpg?resize=760%2C570&#038;ssl=1\" alt=\"\" class=\"wp-image-150\" srcset=\"https:\/\/i0.wp.com\/fibromialgiabenavente.es\/wp-content\/uploads\/2019\/05\/guia-1.jpg?w=960&amp;ssl=1 960w, https:\/\/i0.wp.com\/fibromialgiabenavente.es\/wp-content\/uploads\/2019\/05\/guia-1.jpg?resize=300%2C225&amp;ssl=1 300w, https:\/\/i0.wp.com\/fibromialgiabenavente.es\/wp-content\/uploads\/2019\/05\/guia-1.jpg?resize=768%2C576&amp;ssl=1 768w\" sizes=\"(max-width: 760px) 100vw, 760px\" data-recalc-dims=\"1\" \/><\/figure>\n\n\n\n<p>Simult\u00e1neamente, en el resto del territorio nacional se realizaron concentraciones con el mismo fin reivindicativo y se procedi\u00f3 a entregar en todas las delegaciones provinciales del INSS de todo el pa\u00eds una contraposici\u00f3n a esa gu\u00eda que ha sido elaborada por CONFESQ (Coalici\u00f3n nacional de fibromialgia, s\u00edndrome de fatiga cr\u00f3nica, sensibilidad qu\u00edmico m\u00faltiple y electrosensibilidad).<\/p>\n\n\n\n<p>Enfermos, familiares, amigos y otras entidades que les apoyan han echo una campa\u00f1a en las redes sociales con el hastag #haznosvisibles para hacer o\u00edr sus necesidades y reclamar sus derechos.<\/p>\n\n\n\n<p><\/p>\n\n\n\n<figure class=\"wp-block-image\"><img decoding=\"async\" width=\"2362\" height=\"2362\" data-attachment-id=\"152\" data-permalink=\"https:\/\/fibromialgiabenavente.es\/?attachment_id=152\" data-orig-file=\"https:\/\/i0.wp.com\/fibromialgiabenavente.es\/wp-content\/uploads\/2019\/05\/PEGATINAS-2-10-x10.jpg?fit=2362%2C2362&amp;ssl=1\" data-orig-size=\"2362,2362\" data-comments-opened=\"1\" data-image-meta=\"{&quot;aperture&quot;:&quot;0&quot;,&quot;credit&quot;:&quot;&quot;,&quot;camera&quot;:&quot;&quot;,&quot;caption&quot;:&quot;&quot;,&quot;created_timestamp&quot;:&quot;0&quot;,&quot;copyright&quot;:&quot;&quot;,&quot;focal_length&quot;:&quot;0&quot;,&quot;iso&quot;:&quot;0&quot;,&quot;shutter_speed&quot;:&quot;0&quot;,&quot;title&quot;:&quot;&quot;,&quot;orientation&quot;:&quot;1&quot;}\" data-image-title=\"PEGATINAS -2 10 x10\" data-image-description=\"\" data-image-caption=\"\" data-medium-file=\"https:\/\/i0.wp.com\/fibromialgiabenavente.es\/wp-content\/uploads\/2019\/05\/PEGATINAS-2-10-x10.jpg?fit=300%2C300&amp;ssl=1\" data-large-file=\"https:\/\/i0.wp.com\/fibromialgiabenavente.es\/wp-content\/uploads\/2019\/05\/PEGATINAS-2-10-x10.jpg?fit=760%2C760&amp;ssl=1\" src=\"https:\/\/i2.wp.com\/fibromialgiabenavente.es\/wp-content\/uploads\/2019\/05\/PEGATINAS-2-10-x10.jpg?fit=525%2C525\" alt=\"\" class=\"wp-image-152\" srcset=\"https:\/\/i0.wp.com\/fibromialgiabenavente.es\/wp-content\/uploads\/2019\/05\/PEGATINAS-2-10-x10.jpg?w=2362&amp;ssl=1 2362w, https:\/\/i0.wp.com\/fibromialgiabenavente.es\/wp-content\/uploads\/2019\/05\/PEGATINAS-2-10-x10.jpg?resize=150%2C150&amp;ssl=1 150w, https:\/\/i0.wp.com\/fibromialgiabenavente.es\/wp-content\/uploads\/2019\/05\/PEGATINAS-2-10-x10.jpg?resize=300%2C300&amp;ssl=1 300w, https:\/\/i0.wp.com\/fibromialgiabenavente.es\/wp-content\/uploads\/2019\/05\/PEGATINAS-2-10-x10.jpg?resize=768%2C768&amp;ssl=1 768w, https:\/\/i0.wp.com\/fibromialgiabenavente.es\/wp-content\/uploads\/2019\/05\/PEGATINAS-2-10-x10.jpg?resize=1024%2C1024&amp;ssl=1 1024w, https:\/\/i0.wp.com\/fibromialgiabenavente.es\/wp-content\/uploads\/2019\/05\/PEGATINAS-2-10-x10.jpg?resize=100%2C100&amp;ssl=1 100w, https:\/\/i0.wp.com\/fibromialgiabenavente.es\/wp-content\/uploads\/2019\/05\/PEGATINAS-2-10-x10.jpg?w=1520&amp;ssl=1 1520w, https:\/\/i0.wp.com\/fibromialgiabenavente.es\/wp-content\/uploads\/2019\/05\/PEGATINAS-2-10-x10.jpg?w=2280&amp;ssl=1 2280w\" sizes=\"(max-width: 760px) 100vw, 760px\" \/><\/figure>\n\n\n","protected":false},"excerpt":{"rendered":"<p>Durante la ma\u00f1ana del 9 de mayo, Afibe tuvo una mesa informativa para explicar a la ciudadan\u00eda el porqu\u00e9 la Asociaci\u00f3n de Fibromialgia y Fatiga &hellip;<\/p>\n","protected":false},"author":2,"featured_media":0,"comment_status":"open","ping_status":"open","sticky":false,"template":"","format":"standard","meta":{"jetpack_post_was_ever_published":false,"_jetpack_newsletter_access":"","_jetpack_dont_email_post_to_subs":false,"_jetpack_newsletter_tier_id":0,"_jetpack_memberships_contains_paywalled_content":false,"_jetpack_memberships_contains_paid_content":false,"footnotes":"","jetpack_publicize_message":"","jetpack_publicize_feature_enabled":true,"jetpack_social_post_already_shared":true,"jetpack_social_options":{"image_generator_settings":{"template":"highway","enabled":false}}},"categories":[7,1],"tags":[],"class_list":["post-148","post","type-post","status-publish","format-standard","hentry","category-blog","category-general"],"jetpack_publicize_connections":[],"jetpack_featured_media_url":"","jetpack_sharing_enabled":true,"jetpack_shortlink":"https:\/\/wp.me\/paNReN-2o","jetpack-related-posts":[],"_links":{"self":[{"href":"https:\/\/fibromialgiabenavente.es\/index.php?rest_route=\/wp\/v2\/posts\/148","targetHints":{"allow":["GET"]}}],"collection":[{"href":"https:\/\/fibromialgiabenavente.es\/index.php?rest_route=\/wp\/v2\/posts"}],"about":[{"href":"https:\/\/fibromialgiabenavente.es\/index.php?rest_route=\/wp\/v2\/types\/post"}],"author":[{"embeddable":true,"href":"https:\/\/fibromialgiabenavente.es\/index.php?rest_route=\/wp\/v2\/users\/2"}],"replies":[{"embeddable":true,"href":"https:\/\/fibromialgiabenavente.es\/index.php?rest_route=%2Fwp%2Fv2%2Fcomments&post=148"}],"version-history":[{"count":5,"href":"https:\/\/fibromialgiabenavente.es\/index.php?rest_route=\/wp\/v2\/posts\/148\/revisions"}],"predecessor-version":[{"id":156,"href":"https:\/\/fibromialgiabenavente.es\/index.php?rest_route=\/wp\/v2\/posts\/148\/revisions\/156"}],"wp:attachment":[{"href":"https:\/\/fibromialgiabenavente.es\/index.php?rest_route=%2Fwp%2Fv2%2Fmedia&parent=148"}],"wp:term":[{"taxonomy":"category","embeddable":true,"href":"https:\/\/fibromialgiabenavente.es\/index.php?rest_route=%2Fwp%2Fv2%2Fcategories&post=148"},{"taxonomy":"post_tag","embeddable":true,"href":"https:\/\/fibromialgiabenavente.es\/index.php?rest_route=%2Fwp%2Fv2%2Ftags&post=148"}],"curies":[{"name":"wp","href":"https:\/\/api.w.org\/{rel}","templated":true}]}}