{"id":192,"date":"2019-06-11T12:42:26","date_gmt":"2019-06-11T10:42:26","guid":{"rendered":"https:\/\/fibromialgiabenavente.es\/?p=192"},"modified":"2019-06-11T12:47:57","modified_gmt":"2019-06-11T10:47:57","slug":"educacion-en-neurociencia-del-dolor-para-pacientes","status":"publish","type":"post","link":"https:\/\/fibromialgiabenavente.es\/?p=192","title":{"rendered":"AFIBE asiste a la jornada final de Educaci\u00f3n en neurociencia del dolor para pacientes"},"content":{"rendered":"\n\n\n<p>El pasado 29 de mayo asistimos a la jornada final de educaci\u00f3n en neurociencia del dolor que se celebr\u00f3 en el Hospital Universitario R\u00edo Ortega, Valladolid.<\/p>\n\n\n\n<figure class=\"wp-block-image\"><img fetchpriority=\"high\" decoding=\"async\" width=\"760\" height=\"369\" data-attachment-id=\"193\" data-permalink=\"https:\/\/fibromialgiabenavente.es\/?attachment_id=193\" data-orig-file=\"https:\/\/i0.wp.com\/fibromialgiabenavente.es\/wp-content\/uploads\/2019\/06\/61742403_10216600894046625_3378457133715554304_n.jpg?fit=960%2C466&amp;ssl=1\" data-orig-size=\"960,466\" data-comments-opened=\"1\" data-image-meta=\"{&quot;aperture&quot;:&quot;0&quot;,&quot;credit&quot;:&quot;&quot;,&quot;camera&quot;:&quot;&quot;,&quot;caption&quot;:&quot;&quot;,&quot;created_timestamp&quot;:&quot;0&quot;,&quot;copyright&quot;:&quot;&quot;,&quot;focal_length&quot;:&quot;0&quot;,&quot;iso&quot;:&quot;0&quot;,&quot;shutter_speed&quot;:&quot;0&quot;,&quot;title&quot;:&quot;&quot;,&quot;orientation&quot;:&quot;0&quot;}\" data-image-title=\"61742403_10216600894046625_3378457133715554304_n\" data-image-description=\"\" data-image-caption=\"\" data-medium-file=\"https:\/\/i0.wp.com\/fibromialgiabenavente.es\/wp-content\/uploads\/2019\/06\/61742403_10216600894046625_3378457133715554304_n.jpg?fit=300%2C146&amp;ssl=1\" data-large-file=\"https:\/\/i0.wp.com\/fibromialgiabenavente.es\/wp-content\/uploads\/2019\/06\/61742403_10216600894046625_3378457133715554304_n.jpg?fit=760%2C369&amp;ssl=1\" src=\"https:\/\/i0.wp.com\/fibromialgiabenavente.es\/wp-content\/uploads\/2019\/06\/61742403_10216600894046625_3378457133715554304_n.jpg?resize=760%2C369&#038;ssl=1\" alt=\"\" class=\"wp-image-193\" srcset=\"https:\/\/i0.wp.com\/fibromialgiabenavente.es\/wp-content\/uploads\/2019\/06\/61742403_10216600894046625_3378457133715554304_n.jpg?w=960&amp;ssl=1 960w, https:\/\/i0.wp.com\/fibromialgiabenavente.es\/wp-content\/uploads\/2019\/06\/61742403_10216600894046625_3378457133715554304_n.jpg?resize=300%2C146&amp;ssl=1 300w, https:\/\/i0.wp.com\/fibromialgiabenavente.es\/wp-content\/uploads\/2019\/06\/61742403_10216600894046625_3378457133715554304_n.jpg?resize=768%2C373&amp;ssl=1 768w\" sizes=\"(max-width: 760px) 100vw, 760px\" data-recalc-dims=\"1\" \/><\/figure>\n\n\n\n<p>En dicha ciudad se ha creado una <strong><em>Unidad de estrategia de afrontamiento activo para el dolor en Atenci\u00f3n Primaria<\/em><\/strong>. Est\u00e1 dirigida por dos fisioterapeutas expertos en la materia y los resultados que pudimos ver son muy esperanzadores. <\/p>\n\n\n\n<p>El proyecto del paciente activo se trata de dar herramientas y ense\u00f1ar c\u00f3mo afrontar las situaciones de dolor para lograr el control sobre ellas.<\/p>\n\n\n\n<p>Utilizan una metodolog\u00eda de trabajo grupal. A trav\u00e9s de diferentes sesiones aprenden c\u00f3mo gestionar las emociones y las situaciones de dolor. Su m\u00e1xima es que el \u00abdolor se puede revertir. Que deje de ser el protagonista de la vida\u00bb.<\/p>\n\n\n\n<figure class=\"wp-block-image\"><img decoding=\"async\" width=\"760\" height=\"389\" data-attachment-id=\"194\" data-permalink=\"https:\/\/fibromialgiabenavente.es\/?attachment_id=194\" data-orig-file=\"https:\/\/i0.wp.com\/fibromialgiabenavente.es\/wp-content\/uploads\/2019\/06\/61336932_10216600896246680_5562826544969154560_n.jpg?fit=960%2C491&amp;ssl=1\" data-orig-size=\"960,491\" data-comments-opened=\"1\" data-image-meta=\"{&quot;aperture&quot;:&quot;0&quot;,&quot;credit&quot;:&quot;&quot;,&quot;camera&quot;:&quot;&quot;,&quot;caption&quot;:&quot;&quot;,&quot;created_timestamp&quot;:&quot;0&quot;,&quot;copyright&quot;:&quot;&quot;,&quot;focal_length&quot;:&quot;0&quot;,&quot;iso&quot;:&quot;0&quot;,&quot;shutter_speed&quot;:&quot;0&quot;,&quot;title&quot;:&quot;&quot;,&quot;orientation&quot;:&quot;0&quot;}\" data-image-title=\"61336932_10216600896246680_5562826544969154560_n\" data-image-description=\"\" data-image-caption=\"\" data-medium-file=\"https:\/\/i0.wp.com\/fibromialgiabenavente.es\/wp-content\/uploads\/2019\/06\/61336932_10216600896246680_5562826544969154560_n.jpg?fit=300%2C153&amp;ssl=1\" data-large-file=\"https:\/\/i0.wp.com\/fibromialgiabenavente.es\/wp-content\/uploads\/2019\/06\/61336932_10216600896246680_5562826544969154560_n.jpg?fit=760%2C389&amp;ssl=1\" src=\"https:\/\/i0.wp.com\/fibromialgiabenavente.es\/wp-content\/uploads\/2019\/06\/61336932_10216600896246680_5562826544969154560_n.jpg?resize=760%2C389&#038;ssl=1\" alt=\"\" class=\"wp-image-194\" srcset=\"https:\/\/i0.wp.com\/fibromialgiabenavente.es\/wp-content\/uploads\/2019\/06\/61336932_10216600896246680_5562826544969154560_n.jpg?w=960&amp;ssl=1 960w, https:\/\/i0.wp.com\/fibromialgiabenavente.es\/wp-content\/uploads\/2019\/06\/61336932_10216600896246680_5562826544969154560_n.jpg?resize=300%2C153&amp;ssl=1 300w, https:\/\/i0.wp.com\/fibromialgiabenavente.es\/wp-content\/uploads\/2019\/06\/61336932_10216600896246680_5562826544969154560_n.jpg?resize=768%2C393&amp;ssl=1 768w\" sizes=\"(max-width: 760px) 100vw, 760px\" data-recalc-dims=\"1\" \/><\/figure>\n\n\n\n<p>Pudimos escuchar testimonios de pacientes que han pasado por el programa y han cambiado sus vidas. Tal es el caso que ya no necesitan recurrir a los f\u00e1rmacos. <\/p>\n\n\n\n<figure class=\"wp-block-image\"><img decoding=\"async\" width=\"760\" height=\"428\" data-attachment-id=\"195\" data-permalink=\"https:\/\/fibromialgiabenavente.es\/?attachment_id=195\" data-orig-file=\"https:\/\/i0.wp.com\/fibromialgiabenavente.es\/wp-content\/uploads\/2019\/06\/61537300_10216600900646790_3974128634783858688_n.jpg?fit=960%2C540&amp;ssl=1\" data-orig-size=\"960,540\" data-comments-opened=\"1\" data-image-meta=\"{&quot;aperture&quot;:&quot;0&quot;,&quot;credit&quot;:&quot;&quot;,&quot;camera&quot;:&quot;&quot;,&quot;caption&quot;:&quot;&quot;,&quot;created_timestamp&quot;:&quot;0&quot;,&quot;copyright&quot;:&quot;&quot;,&quot;focal_length&quot;:&quot;0&quot;,&quot;iso&quot;:&quot;0&quot;,&quot;shutter_speed&quot;:&quot;0&quot;,&quot;title&quot;:&quot;&quot;,&quot;orientation&quot;:&quot;0&quot;}\" data-image-title=\"61537300_10216600900646790_3974128634783858688_n\" data-image-description=\"\" data-image-caption=\"\" data-medium-file=\"https:\/\/i0.wp.com\/fibromialgiabenavente.es\/wp-content\/uploads\/2019\/06\/61537300_10216600900646790_3974128634783858688_n.jpg?fit=300%2C169&amp;ssl=1\" data-large-file=\"https:\/\/i0.wp.com\/fibromialgiabenavente.es\/wp-content\/uploads\/2019\/06\/61537300_10216600900646790_3974128634783858688_n.jpg?fit=760%2C428&amp;ssl=1\" src=\"https:\/\/i0.wp.com\/fibromialgiabenavente.es\/wp-content\/uploads\/2019\/06\/61537300_10216600900646790_3974128634783858688_n.jpg?resize=760%2C428&#038;ssl=1\" alt=\"\" class=\"wp-image-195\" srcset=\"https:\/\/i0.wp.com\/fibromialgiabenavente.es\/wp-content\/uploads\/2019\/06\/61537300_10216600900646790_3974128634783858688_n.jpg?w=960&amp;ssl=1 960w, https:\/\/i0.wp.com\/fibromialgiabenavente.es\/wp-content\/uploads\/2019\/06\/61537300_10216600900646790_3974128634783858688_n.jpg?resize=300%2C169&amp;ssl=1 300w, https:\/\/i0.wp.com\/fibromialgiabenavente.es\/wp-content\/uploads\/2019\/06\/61537300_10216600900646790_3974128634783858688_n.jpg?resize=768%2C432&amp;ssl=1 768w\" sizes=\"(max-width: 760px) 100vw, 760px\" data-recalc-dims=\"1\" \/><figcaption>Arturo Goicoechea, Neur\u00f3logo.<\/figcaption><\/figure>\n\n\n\n<p>A la jornada final acudieron pacientes y tambi\u00e9n profesionales, incluidos profesionales de la provincia de Zamora.<\/p>\n\n\n\n<p>A pesar de que esta unidad se est\u00e1 desarrollando \u00fanicamente en Valladolid, los coordinadores est\u00e1n formando a profesionales de toda Espa\u00f1a.<\/p>\n\n\n\n<p>Desde Afibe, pedimos a todos los afectados que se asocien y nos ayuden a luchar para que entre todos podamos hacer fuerza y pronto podamos tener una unidad como \u00e9sta en nuestra provincia.<\/p>\n\n\n\n<figure class=\"wp-block-image\"><img loading=\"lazy\" decoding=\"async\" width=\"528\" height=\"699\" data-attachment-id=\"196\" data-permalink=\"https:\/\/fibromialgiabenavente.es\/?attachment_id=196\" data-orig-file=\"https:\/\/i0.wp.com\/fibromialgiabenavente.es\/wp-content\/uploads\/2019\/06\/61244304_10216600956488186_7533356689970429952_n.jpg?fit=528%2C699&amp;ssl=1\" data-orig-size=\"528,699\" data-comments-opened=\"1\" data-image-meta=\"{&quot;aperture&quot;:&quot;0&quot;,&quot;credit&quot;:&quot;&quot;,&quot;camera&quot;:&quot;&quot;,&quot;caption&quot;:&quot;&quot;,&quot;created_timestamp&quot;:&quot;0&quot;,&quot;copyright&quot;:&quot;&quot;,&quot;focal_length&quot;:&quot;0&quot;,&quot;iso&quot;:&quot;0&quot;,&quot;shutter_speed&quot;:&quot;0&quot;,&quot;title&quot;:&quot;&quot;,&quot;orientation&quot;:&quot;0&quot;}\" data-image-title=\"61244304_10216600956488186_7533356689970429952_n\" data-image-description=\"\" data-image-caption=\"\" data-medium-file=\"https:\/\/i0.wp.com\/fibromialgiabenavente.es\/wp-content\/uploads\/2019\/06\/61244304_10216600956488186_7533356689970429952_n.jpg?fit=227%2C300&amp;ssl=1\" data-large-file=\"https:\/\/i0.wp.com\/fibromialgiabenavente.es\/wp-content\/uploads\/2019\/06\/61244304_10216600956488186_7533356689970429952_n.jpg?fit=528%2C699&amp;ssl=1\" src=\"https:\/\/i0.wp.com\/fibromialgiabenavente.es\/wp-content\/uploads\/2019\/06\/61244304_10216600956488186_7533356689970429952_n.jpg?resize=528%2C699&#038;ssl=1\" alt=\"\" class=\"wp-image-196\" srcset=\"https:\/\/i0.wp.com\/fibromialgiabenavente.es\/wp-content\/uploads\/2019\/06\/61244304_10216600956488186_7533356689970429952_n.jpg?w=528&amp;ssl=1 528w, https:\/\/i0.wp.com\/fibromialgiabenavente.es\/wp-content\/uploads\/2019\/06\/61244304_10216600956488186_7533356689970429952_n.jpg?resize=227%2C300&amp;ssl=1 227w\" sizes=\"(max-width: 528px) 100vw, 528px\" data-recalc-dims=\"1\" \/><\/figure>\n","protected":false},"excerpt":{"rendered":"<p>El pasado 29 de mayo asistimos a la jornada final de educaci\u00f3n en neurociencia del dolor que se celebr\u00f3 en el Hospital Universitario R\u00edo Ortega, &hellip;<\/p>\n","protected":false},"author":2,"featured_media":0,"comment_status":"open","ping_status":"open","sticky":false,"template":"","format":"standard","meta":{"jetpack_post_was_ever_published":false,"_jetpack_newsletter_access":"","_jetpack_dont_email_post_to_subs":false,"_jetpack_newsletter_tier_id":0,"_jetpack_memberships_contains_paywalled_content":false,"_jetpack_memberships_contains_paid_content":false,"footnotes":"","jetpack_publicize_message":"","jetpack_publicize_feature_enabled":true,"jetpack_social_post_already_shared":true,"jetpack_social_options":{"image_generator_settings":{"template":"highway","enabled":false}}},"categories":[1],"tags":[],"class_list":["post-192","post","type-post","status-publish","format-standard","hentry","category-general"],"jetpack_publicize_connections":[],"jetpack_featured_media_url":"","jetpack_sharing_enabled":true,"jetpack_shortlink":"https:\/\/wp.me\/paNReN-36","jetpack-related-posts":[],"_links":{"self":[{"href":"https:\/\/fibromialgiabenavente.es\/index.php?rest_route=\/wp\/v2\/posts\/192","targetHints":{"allow":["GET"]}}],"collection":[{"href":"https:\/\/fibromialgiabenavente.es\/index.php?rest_route=\/wp\/v2\/posts"}],"about":[{"href":"https:\/\/fibromialgiabenavente.es\/index.php?rest_route=\/wp\/v2\/types\/post"}],"author":[{"embeddable":true,"href":"https:\/\/fibromialgiabenavente.es\/index.php?rest_route=\/wp\/v2\/users\/2"}],"replies":[{"embeddable":true,"href":"https:\/\/fibromialgiabenavente.es\/index.php?rest_route=%2Fwp%2Fv2%2Fcomments&post=192"}],"version-history":[{"count":3,"href":"https:\/\/fibromialgiabenavente.es\/index.php?rest_route=\/wp\/v2\/posts\/192\/revisions"}],"predecessor-version":[{"id":199,"href":"https:\/\/fibromialgiabenavente.es\/index.php?rest_route=\/wp\/v2\/posts\/192\/revisions\/199"}],"wp:attachment":[{"href":"https:\/\/fibromialgiabenavente.es\/index.php?rest_route=%2Fwp%2Fv2%2Fmedia&parent=192"}],"wp:term":[{"taxonomy":"category","embeddable":true,"href":"https:\/\/fibromialgiabenavente.es\/index.php?rest_route=%2Fwp%2Fv2%2Fcategories&post=192"},{"taxonomy":"post_tag","embeddable":true,"href":"https:\/\/fibromialgiabenavente.es\/index.php?rest_route=%2Fwp%2Fv2%2Ftags&post=192"}],"curies":[{"name":"wp","href":"https:\/\/api.w.org\/{rel}","templated":true}]}}