{"id":259,"date":"2019-12-16T18:32:42","date_gmt":"2019-12-16T17:32:42","guid":{"rendered":"https:\/\/fibromialgiabenavente.es\/?p=259"},"modified":"2019-12-16T18:32:42","modified_gmt":"2019-12-16T17:32:42","slug":"programa-piloto-de-tratamiento-para-la-fibromialgia-a-traves-de-una-aplicacion-movil","status":"publish","type":"post","link":"https:\/\/fibromialgiabenavente.es\/?p=259","title":{"rendered":"PROGRAMA PILOTO DE TRATAMIENTO PARA LA FIBROMIALGIA A TRAV\u00c9S DE UNA APLICACI\u00d3N M\u00d3VIL"},"content":{"rendered":"\n<p>El programa tiene una duraci\u00f3n de 8 semanas y se desarrolla \u00edntegramente a trav\u00e9s de una App de m\u00f3vil. Consiste en un tratamiento cognitivo-conductual validado con el objetivo de mejorar la calidad de vida de las personas con fibromialgia. Durante el tratamiento simplemente hay que utilizar la App de manera regular y seguir sus indicaciones.<\/p>\n\n\n\n<div class=\"wp-block-image\"><figure class=\"aligncenter size-large\"><img fetchpriority=\"high\" decoding=\"async\" width=\"236\" height=\"312\" data-attachment-id=\"260\" data-permalink=\"https:\/\/fibromialgiabenavente.es\/?attachment_id=260\" data-orig-file=\"https:\/\/i0.wp.com\/fibromialgiabenavente.es\/wp-content\/uploads\/2019\/12\/fibro.jpg?fit=236%2C312&amp;ssl=1\" data-orig-size=\"236,312\" data-comments-opened=\"1\" data-image-meta=\"{&quot;aperture&quot;:&quot;0&quot;,&quot;credit&quot;:&quot;&quot;,&quot;camera&quot;:&quot;&quot;,&quot;caption&quot;:&quot;&quot;,&quot;created_timestamp&quot;:&quot;0&quot;,&quot;copyright&quot;:&quot;&quot;,&quot;focal_length&quot;:&quot;0&quot;,&quot;iso&quot;:&quot;0&quot;,&quot;shutter_speed&quot;:&quot;0&quot;,&quot;title&quot;:&quot;&quot;,&quot;orientation&quot;:&quot;0&quot;}\" data-image-title=\"fibro\" data-image-description=\"\" data-image-caption=\"\" data-medium-file=\"https:\/\/i0.wp.com\/fibromialgiabenavente.es\/wp-content\/uploads\/2019\/12\/fibro.jpg?fit=227%2C300&amp;ssl=1\" data-large-file=\"https:\/\/i0.wp.com\/fibromialgiabenavente.es\/wp-content\/uploads\/2019\/12\/fibro.jpg?fit=236%2C312&amp;ssl=1\" src=\"https:\/\/i0.wp.com\/fibromialgiabenavente.es\/wp-content\/uploads\/2019\/12\/fibro.jpg?resize=236%2C312&#038;ssl=1\" alt=\"\" class=\"wp-image-260\" srcset=\"https:\/\/i0.wp.com\/fibromialgiabenavente.es\/wp-content\/uploads\/2019\/12\/fibro.jpg?w=236&amp;ssl=1 236w, https:\/\/i0.wp.com\/fibromialgiabenavente.es\/wp-content\/uploads\/2019\/12\/fibro.jpg?resize=227%2C300&amp;ssl=1 227w\" sizes=\"(max-width: 236px) 100vw, 236px\" data-recalc-dims=\"1\" \/><\/figure><\/div>\n\n\n\n<p>La aplicaci\u00f3n se ha creado para ayudar a mejorar la calidad de vida de las personas con fibromialgia o dolor cr\u00f3nico generalizado.<\/p>\n\n\n\n<p>Su  objetivo es proporcionar un tratamiento riguroso y de calidad. La aplicaci\u00f3n aporta recursos para afrontar la enfermedad, y ense\u00f1a estrategias para gestionar el dolor desde un enfoque cognitivo-conductual. Gracias a Fibroline Senior, sus usuarios podr\u00e1n aprender a dormir mejor, gestionar la ansiedad, tomar la medicaci\u00f3n de forma adecuada, regular el estado de \u00e1nimo o mejorar la relaci\u00f3n con los dem\u00e1s, adem\u00e1s de reducir o eliminar el dolor y la fatiga.<\/p>\n\n\n\n<p>Para m\u00e1s informaci\u00f3n de c\u00f3mo participar en el programa piloto y la obtenci\u00f3n de la aplicaci\u00f3n poneros en contacto con la Asociaci\u00f3n.<\/p>\n","protected":false},"excerpt":{"rendered":"<p>El programa tiene una duraci\u00f3n de 8 semanas y se desarrolla \u00edntegramente a trav\u00e9s de una App de m\u00f3vil. Consiste en un tratamiento cognitivo-conductual validado &hellip;<\/p>\n","protected":false},"author":2,"featured_media":0,"comment_status":"open","ping_status":"open","sticky":false,"template":"","format":"standard","meta":{"jetpack_post_was_ever_published":false,"_jetpack_newsletter_access":"","_jetpack_dont_email_post_to_subs":false,"_jetpack_newsletter_tier_id":0,"_jetpack_memberships_contains_paywalled_content":false,"_jetpack_memberships_contains_paid_content":false,"footnotes":"","jetpack_publicize_message":"","jetpack_publicize_feature_enabled":true,"jetpack_social_post_already_shared":true,"jetpack_social_options":{"image_generator_settings":{"template":"highway","enabled":false}}},"categories":[7],"tags":[],"class_list":["post-259","post","type-post","status-publish","format-standard","hentry","category-blog"],"jetpack_publicize_connections":[],"jetpack_featured_media_url":"","jetpack_sharing_enabled":true,"jetpack_shortlink":"https:\/\/wp.me\/paNReN-4b","jetpack-related-posts":[],"_links":{"self":[{"href":"https:\/\/fibromialgiabenavente.es\/index.php?rest_route=\/wp\/v2\/posts\/259","targetHints":{"allow":["GET"]}}],"collection":[{"href":"https:\/\/fibromialgiabenavente.es\/index.php?rest_route=\/wp\/v2\/posts"}],"about":[{"href":"https:\/\/fibromialgiabenavente.es\/index.php?rest_route=\/wp\/v2\/types\/post"}],"author":[{"embeddable":true,"href":"https:\/\/fibromialgiabenavente.es\/index.php?rest_route=\/wp\/v2\/users\/2"}],"replies":[{"embeddable":true,"href":"https:\/\/fibromialgiabenavente.es\/index.php?rest_route=%2Fwp%2Fv2%2Fcomments&post=259"}],"version-history":[{"count":1,"href":"https:\/\/fibromialgiabenavente.es\/index.php?rest_route=\/wp\/v2\/posts\/259\/revisions"}],"predecessor-version":[{"id":261,"href":"https:\/\/fibromialgiabenavente.es\/index.php?rest_route=\/wp\/v2\/posts\/259\/revisions\/261"}],"wp:attachment":[{"href":"https:\/\/fibromialgiabenavente.es\/index.php?rest_route=%2Fwp%2Fv2%2Fmedia&parent=259"}],"wp:term":[{"taxonomy":"category","embeddable":true,"href":"https:\/\/fibromialgiabenavente.es\/index.php?rest_route=%2Fwp%2Fv2%2Fcategories&post=259"},{"taxonomy":"post_tag","embeddable":true,"href":"https:\/\/fibromialgiabenavente.es\/index.php?rest_route=%2Fwp%2Fv2%2Ftags&post=259"}],"curies":[{"name":"wp","href":"https:\/\/api.w.org\/{rel}","templated":true}]}}