{"id":276,"date":"2020-03-02T19:11:50","date_gmt":"2020-03-02T18:11:50","guid":{"rendered":"https:\/\/fibromialgiabenavente.es\/?p=276"},"modified":"2020-03-02T19:11:50","modified_gmt":"2020-03-02T18:11:50","slug":"conferencia-sobre-asesomiento-legal-en-fibromialgia-y-sfc","status":"publish","type":"post","link":"https:\/\/fibromialgiabenavente.es\/?p=276","title":{"rendered":"Conferencia sobre Asesomiento Legal en Fibromialgia y SFC"},"content":{"rendered":"\n<figure class=\"wp-block-gallery columns-1 is-cropped wp-block-gallery-1 is-layout-flex wp-block-gallery-is-layout-flex\"><ul class=\"blocks-gallery-grid\"><li class=\"blocks-gallery-item\"><figure><img fetchpriority=\"high\" decoding=\"async\" width=\"760\" height=\"570\" data-attachment-id=\"277\" data-permalink=\"https:\/\/fibromialgiabenavente.es\/?attachment_id=277\" data-orig-file=\"https:\/\/i0.wp.com\/fibromialgiabenavente.es\/wp-content\/uploads\/2020\/03\/thumbnail_IMG-20200302-WA0000.jpg?fit=1024%2C768&amp;ssl=1\" data-orig-size=\"1024,768\" data-comments-opened=\"1\" data-image-meta=\"{&quot;aperture&quot;:&quot;0&quot;,&quot;credit&quot;:&quot;&quot;,&quot;camera&quot;:&quot;&quot;,&quot;caption&quot;:&quot;&quot;,&quot;created_timestamp&quot;:&quot;0&quot;,&quot;copyright&quot;:&quot;&quot;,&quot;focal_length&quot;:&quot;0&quot;,&quot;iso&quot;:&quot;0&quot;,&quot;shutter_speed&quot;:&quot;0&quot;,&quot;title&quot;:&quot;&quot;,&quot;orientation&quot;:&quot;0&quot;}\" data-image-title=\"thumbnail_IMG-20200302-WA0000\" data-image-description=\"\" data-image-caption=\"\" data-medium-file=\"https:\/\/i0.wp.com\/fibromialgiabenavente.es\/wp-content\/uploads\/2020\/03\/thumbnail_IMG-20200302-WA0000.jpg?fit=300%2C225&amp;ssl=1\" data-large-file=\"https:\/\/i0.wp.com\/fibromialgiabenavente.es\/wp-content\/uploads\/2020\/03\/thumbnail_IMG-20200302-WA0000.jpg?fit=760%2C570&amp;ssl=1\" src=\"https:\/\/i0.wp.com\/fibromialgiabenavente.es\/wp-content\/uploads\/2020\/03\/thumbnail_IMG-20200302-WA0000.jpg?resize=760%2C570&#038;ssl=1\" alt=\"\" data-id=\"277\" data-full-url=\"https:\/\/i0.wp.com\/fibromialgiabenavente.es\/wp-content\/uploads\/2020\/03\/thumbnail_IMG-20200302-WA0000.jpg?fit=1024%2C768\" data-link=\"https:\/\/fibromialgiabenavente.es\/?attachment_id=277\" class=\"wp-image-277\" srcset=\"https:\/\/i0.wp.com\/fibromialgiabenavente.es\/wp-content\/uploads\/2020\/03\/thumbnail_IMG-20200302-WA0000.jpg?w=1024&amp;ssl=1 1024w, https:\/\/i0.wp.com\/fibromialgiabenavente.es\/wp-content\/uploads\/2020\/03\/thumbnail_IMG-20200302-WA0000.jpg?resize=300%2C225&amp;ssl=1 300w, https:\/\/i0.wp.com\/fibromialgiabenavente.es\/wp-content\/uploads\/2020\/03\/thumbnail_IMG-20200302-WA0000.jpg?resize=768%2C576&amp;ssl=1 768w\" sizes=\"(max-width: 760px) 100vw, 760px\" data-recalc-dims=\"1\" \/><\/figure><\/li><\/ul><\/figure>\n\n\n\n<p>\u00bfConoces cu\u00e1les son tus derechos frente a la Seguridad Social en materia de incapacidad? <\/p>\n\n\n\n<p>El pasado viernes la Asociaci\u00f3n organiz\u00f3 una conferencia impartida por Beatriz Fern\u00e1ndez, del bufete \u00abFern\u00e1nez Fidalgo Abogados\u00bb.<\/p>\n\n\n\n<p>Los asistentes pudieron asesorarse jur\u00eddicamente sobre temas tan importantes como discapacidad, incapacidades, informes m\u00e9dicos, etc.  Adem\u00e1s, pudieron resolver todas sus dudas.<\/p>\n\n\n\n<p>Si te perdiste la conferencia, pero te gustar\u00eda verla, ahora puedes hacerlo.  Contacta con nosotros y te haremos llegar el v\u00eddeo con toda la informaci\u00f3n<\/p>\n\n\n\n<p><\/p>\n","protected":false},"excerpt":{"rendered":"<p>\u00bfConoces cu\u00e1les son tus derechos frente a la Seguridad Social en materia de incapacidad? El pasado viernes la Asociaci\u00f3n organiz\u00f3 una conferencia impartida por Beatriz &hellip;<\/p>\n","protected":false},"author":2,"featured_media":0,"comment_status":"open","ping_status":"open","sticky":false,"template":"","format":"standard","meta":{"jetpack_post_was_ever_published":false,"_jetpack_newsletter_access":"","_jetpack_dont_email_post_to_subs":false,"_jetpack_newsletter_tier_id":0,"_jetpack_memberships_contains_paywalled_content":false,"_jetpack_memberships_contains_paid_content":false,"footnotes":"","jetpack_publicize_message":"","jetpack_publicize_feature_enabled":true,"jetpack_social_post_already_shared":true,"jetpack_social_options":{"image_generator_settings":{"template":"highway","enabled":false}}},"categories":[7,1],"tags":[],"class_list":["post-276","post","type-post","status-publish","format-standard","hentry","category-blog","category-general"],"jetpack_publicize_connections":[],"jetpack_featured_media_url":"","jetpack_sharing_enabled":true,"jetpack_shortlink":"https:\/\/wp.me\/paNReN-4s","jetpack-related-posts":[],"_links":{"self":[{"href":"https:\/\/fibromialgiabenavente.es\/index.php?rest_route=\/wp\/v2\/posts\/276","targetHints":{"allow":["GET"]}}],"collection":[{"href":"https:\/\/fibromialgiabenavente.es\/index.php?rest_route=\/wp\/v2\/posts"}],"about":[{"href":"https:\/\/fibromialgiabenavente.es\/index.php?rest_route=\/wp\/v2\/types\/post"}],"author":[{"embeddable":true,"href":"https:\/\/fibromialgiabenavente.es\/index.php?rest_route=\/wp\/v2\/users\/2"}],"replies":[{"embeddable":true,"href":"https:\/\/fibromialgiabenavente.es\/index.php?rest_route=%2Fwp%2Fv2%2Fcomments&post=276"}],"version-history":[{"count":2,"href":"https:\/\/fibromialgiabenavente.es\/index.php?rest_route=\/wp\/v2\/posts\/276\/revisions"}],"predecessor-version":[{"id":279,"href":"https:\/\/fibromialgiabenavente.es\/index.php?rest_route=\/wp\/v2\/posts\/276\/revisions\/279"}],"wp:attachment":[{"href":"https:\/\/fibromialgiabenavente.es\/index.php?rest_route=%2Fwp%2Fv2%2Fmedia&parent=276"}],"wp:term":[{"taxonomy":"category","embeddable":true,"href":"https:\/\/fibromialgiabenavente.es\/index.php?rest_route=%2Fwp%2Fv2%2Fcategories&post=276"},{"taxonomy":"post_tag","embeddable":true,"href":"https:\/\/fibromialgiabenavente.es\/index.php?rest_route=%2Fwp%2Fv2%2Ftags&post=276"}],"curies":[{"name":"wp","href":"https:\/\/api.w.org\/{rel}","templated":true}]}}