{"id":282,"date":"2020-03-12T13:14:51","date_gmt":"2020-03-12T12:14:51","guid":{"rendered":"https:\/\/fibromialgiabenavente.es\/?p=282"},"modified":"2020-03-12T13:14:51","modified_gmt":"2020-03-12T12:14:51","slug":"la-obra-social-de-la-caixa-renueva-su-colaboracion-con-afibe","status":"publish","type":"post","link":"https:\/\/fibromialgiabenavente.es\/?p=282","title":{"rendered":"La Obra Social de La Caixa renueva su colaboraci\u00f3n con AFIBE"},"content":{"rendered":"\n<p>La Asociaci\u00f3n de Fibromialgia y Fatiga Cr\u00f3nica recibe una donaci\u00f3n por valor de <strong>1000\u20ac<\/strong> de la sucursal Benaventana.<\/p>\n\n\n\n<figure class=\"wp-block-image size-large\"><img fetchpriority=\"high\" decoding=\"async\" width=\"596\" height=\"449\" data-attachment-id=\"286\" data-permalink=\"https:\/\/fibromialgiabenavente.es\/?attachment_id=286\" data-orig-file=\"https:\/\/i0.wp.com\/fibromialgiabenavente.es\/wp-content\/uploads\/2020\/03\/la-caixa-donaci\u00f3n-1.jpg?fit=596%2C449&amp;ssl=1\" data-orig-size=\"596,449\" data-comments-opened=\"1\" data-image-meta=\"{&quot;aperture&quot;:&quot;0&quot;,&quot;credit&quot;:&quot;&quot;,&quot;camera&quot;:&quot;&quot;,&quot;caption&quot;:&quot;&quot;,&quot;created_timestamp&quot;:&quot;0&quot;,&quot;copyright&quot;:&quot;&quot;,&quot;focal_length&quot;:&quot;0&quot;,&quot;iso&quot;:&quot;0&quot;,&quot;shutter_speed&quot;:&quot;0&quot;,&quot;title&quot;:&quot;&quot;,&quot;orientation&quot;:&quot;0&quot;}\" data-image-title=\"la-caixa-donaci\u00f3n-1\" data-image-description=\"\" data-image-caption=\"\" data-medium-file=\"https:\/\/i0.wp.com\/fibromialgiabenavente.es\/wp-content\/uploads\/2020\/03\/la-caixa-donaci\u00f3n-1.jpg?fit=300%2C226&amp;ssl=1\" data-large-file=\"https:\/\/i0.wp.com\/fibromialgiabenavente.es\/wp-content\/uploads\/2020\/03\/la-caixa-donaci\u00f3n-1.jpg?fit=596%2C449&amp;ssl=1\" src=\"https:\/\/i0.wp.com\/fibromialgiabenavente.es\/wp-content\/uploads\/2020\/03\/la-caixa-donaci\u00f3n-1.jpg?resize=596%2C449&#038;ssl=1\" alt=\"\" class=\"wp-image-286\" srcset=\"https:\/\/i0.wp.com\/fibromialgiabenavente.es\/wp-content\/uploads\/2020\/03\/la-caixa-donaci\u00f3n-1.jpg?w=596&amp;ssl=1 596w, https:\/\/i0.wp.com\/fibromialgiabenavente.es\/wp-content\/uploads\/2020\/03\/la-caixa-donaci\u00f3n-1.jpg?resize=300%2C226&amp;ssl=1 300w\" sizes=\"(max-width: 596px) 100vw, 596px\" data-recalc-dims=\"1\" \/><\/figure>\n","protected":false},"excerpt":{"rendered":"<p>La Asociaci\u00f3n de Fibromialgia y Fatiga Cr\u00f3nica recibe una donaci\u00f3n por valor de 1000\u20ac de la sucursal Benaventana.<\/p>\n","protected":false},"author":2,"featured_media":0,"comment_status":"open","ping_status":"open","sticky":false,"template":"","format":"standard","meta":{"jetpack_post_was_ever_published":false,"_jetpack_newsletter_access":"","_jetpack_dont_email_post_to_subs":false,"_jetpack_newsletter_tier_id":0,"_jetpack_memberships_contains_paywalled_content":false,"_jetpack_memberships_contains_paid_content":false,"footnotes":"","jetpack_publicize_message":"","jetpack_publicize_feature_enabled":true,"jetpack_social_post_already_shared":true,"jetpack_social_options":{"image_generator_settings":{"template":"highway","enabled":false}}},"categories":[1],"tags":[],"class_list":["post-282","post","type-post","status-publish","format-standard","hentry","category-general"],"jetpack_publicize_connections":[],"jetpack_featured_media_url":"","jetpack_sharing_enabled":true,"jetpack_shortlink":"https:\/\/wp.me\/paNReN-4y","jetpack-related-posts":[],"_links":{"self":[{"href":"https:\/\/fibromialgiabenavente.es\/index.php?rest_route=\/wp\/v2\/posts\/282","targetHints":{"allow":["GET"]}}],"collection":[{"href":"https:\/\/fibromialgiabenavente.es\/index.php?rest_route=\/wp\/v2\/posts"}],"about":[{"href":"https:\/\/fibromialgiabenavente.es\/index.php?rest_route=\/wp\/v2\/types\/post"}],"author":[{"embeddable":true,"href":"https:\/\/fibromialgiabenavente.es\/index.php?rest_route=\/wp\/v2\/users\/2"}],"replies":[{"embeddable":true,"href":"https:\/\/fibromialgiabenavente.es\/index.php?rest_route=%2Fwp%2Fv2%2Fcomments&post=282"}],"version-history":[{"count":2,"href":"https:\/\/fibromialgiabenavente.es\/index.php?rest_route=\/wp\/v2\/posts\/282\/revisions"}],"predecessor-version":[{"id":288,"href":"https:\/\/fibromialgiabenavente.es\/index.php?rest_route=\/wp\/v2\/posts\/282\/revisions\/288"}],"wp:attachment":[{"href":"https:\/\/fibromialgiabenavente.es\/index.php?rest_route=%2Fwp%2Fv2%2Fmedia&parent=282"}],"wp:term":[{"taxonomy":"category","embeddable":true,"href":"https:\/\/fibromialgiabenavente.es\/index.php?rest_route=%2Fwp%2Fv2%2Fcategories&post=282"},{"taxonomy":"post_tag","embeddable":true,"href":"https:\/\/fibromialgiabenavente.es\/index.php?rest_route=%2Fwp%2Fv2%2Ftags&post=282"}],"curies":[{"name":"wp","href":"https:\/\/api.w.org\/{rel}","templated":true}]}}