{"id":307,"date":"2020-05-11T19:27:14","date_gmt":"2020-05-11T17:27:14","guid":{"rendered":"https:\/\/fibromialgiabenavente.es\/?p=307"},"modified":"2020-05-11T19:34:37","modified_gmt":"2020-05-11T17:34:37","slug":"participa-en-el-estudio-del-inss-2020-situacion-de-los-pacientes-representados-por-confesq","status":"publish","type":"post","link":"https:\/\/fibromialgiabenavente.es\/?p=307","title":{"rendered":"PARTICIPA EN EL ESTUDIO DEL INSS 2020. SITUACI\u00d3N DE LOS PACIENTES REPRESENTADOS POR CONFESQ"},"content":{"rendered":"\n<figure class=\"wp-block-image size-large\"><img fetchpriority=\"high\" decoding=\"async\" width=\"720\" height=\"674\" data-attachment-id=\"308\" data-permalink=\"https:\/\/fibromialgiabenavente.es\/?attachment_id=308\" data-orig-file=\"https:\/\/i0.wp.com\/fibromialgiabenavente.es\/wp-content\/uploads\/2020\/05\/FB_IMG_1557401165301.jpg?fit=720%2C674&amp;ssl=1\" data-orig-size=\"720,674\" data-comments-opened=\"1\" data-image-meta=\"{&quot;aperture&quot;:&quot;0&quot;,&quot;credit&quot;:&quot;&quot;,&quot;camera&quot;:&quot;&quot;,&quot;caption&quot;:&quot;&quot;,&quot;created_timestamp&quot;:&quot;0&quot;,&quot;copyright&quot;:&quot;&quot;,&quot;focal_length&quot;:&quot;0&quot;,&quot;iso&quot;:&quot;0&quot;,&quot;shutter_speed&quot;:&quot;0&quot;,&quot;title&quot;:&quot;&quot;,&quot;orientation&quot;:&quot;0&quot;}\" data-image-title=\"FB_IMG_1557401165301\" data-image-description=\"\" data-image-caption=\"\" data-medium-file=\"https:\/\/i0.wp.com\/fibromialgiabenavente.es\/wp-content\/uploads\/2020\/05\/FB_IMG_1557401165301.jpg?fit=300%2C281&amp;ssl=1\" data-large-file=\"https:\/\/i0.wp.com\/fibromialgiabenavente.es\/wp-content\/uploads\/2020\/05\/FB_IMG_1557401165301.jpg?fit=720%2C674&amp;ssl=1\" src=\"https:\/\/i0.wp.com\/fibromialgiabenavente.es\/wp-content\/uploads\/2020\/05\/FB_IMG_1557401165301.jpg?resize=720%2C674&#038;ssl=1\" alt=\"\" class=\"wp-image-308\" srcset=\"https:\/\/i0.wp.com\/fibromialgiabenavente.es\/wp-content\/uploads\/2020\/05\/FB_IMG_1557401165301.jpg?w=720&amp;ssl=1 720w, https:\/\/i0.wp.com\/fibromialgiabenavente.es\/wp-content\/uploads\/2020\/05\/FB_IMG_1557401165301.jpg?resize=300%2C281&amp;ssl=1 300w\" sizes=\"(max-width: 720px) 100vw, 720px\" data-recalc-dims=\"1\" \/><\/figure>\n\n\n\n<p> En 2019, el colectivo de pacientes de fibromialgia, s\u00edndrome de fatiga cr\u00f3nica \/ encefalomielitis mi\u00e1lgica, sensibilidad qu\u00edmica m\u00faltiple y electrosensibilidad espa\u00f1ol se uni\u00f3 en una movilizaci\u00f3n sin precedentes reclamando sus derechos antes el Instituto Nacional de la Seguridad Social (INSS), que hab\u00eda publicado una gu\u00eda de valoraci\u00f3n de estas efermedades&nbsp;claramente desactualizada y, en ocasiones, en contra de conocimientos cient\u00edficos refutados y medidas terape\u00faticas&nbsp;aceptadas internacionalmente, en una posici\u00f3n discriminativa&nbsp;con estas duras enfermedades&nbsp;<a rel=\"noreferrer noopener\" href=\"http:\/\/confederacionssc.es\/?p=26055\" target=\"_blank\">(ENLACE AL POST CON DOCUMENTO DE POSICIONAMIENTO).<\/a> <\/p>\n\n\n\n<p> El 9 de mayo pacientes de toda Espa\u00f1a salieron a la calle, frente a sus delegaciones del INSS, reclamando por escrito la retirada de la gu\u00eda y una revisi\u00f3n de sus contenidos, todos con las misma solicitud&nbsp;y la misma imagen&nbsp;<a rel=\"noreferrer noopener\" href=\"http:\/\/confederacionssc.es\/?p=26282\" target=\"_blank\">(ENLACE A POST RESUMEN 9 DE MAYO).<\/a>&nbsp;La consecuencia fue una reuni\u00f3n con la promesa de revisar los contenidos de la gu\u00eda por m\u00e9dicos especialistas, as\u00ed como la retirada de los Trastornos somatomorfos de dicha gu\u00eda. Este&nbsp;<a rel=\"noreferrer noopener\" href=\"http:\/\/confederacionssc.es\/?p=26415\" target=\"_blank\">2\u00ba punto se cumpli\u00f3<\/a>,&nbsp;pero no la revisi\u00f3n, que a\u00fan est\u00e1 pendiente.<\/p>\n\n\n\n<p>Dos elecciones despu\u00e9s, con nuevo Ministro de Seguridad Social&nbsp; nueva Directora General del INSS, y en medio de una pandemia\u2026 el tema sigue pendiente. Pero nosotros no nos olvidamos, no ha perdido importancia. En febrero escribimos al Ministerio de Trabajo recordando y documentando de nuevo la promesa referida\u2026 y hoy, al filo del 12 de Mayo, D\u00eda Mundial de la Fibromialgia y el S\u00edndrome de Fatiga Cr\u00f3nica, hermanadas con la Sensibilidad Qu\u00edmica M\u00faltiple y la Electrosensibilidad, queremos mostrar cual es la situaci\u00f3n actual de los pacientes que representa CONFESQ en relaci\u00f3n al INSS.<\/p>\n\n\n\n<p>Sin duda esta es una forma de hacernos visibles de nuevo en tan emblem\u00e1tica fecha&nbsp;<em>#12deMayo#VisibleloInvisible<\/em><\/p>\n\n\n\n<p>Para ello<strong>&nbsp;PEDIMOS TU PARTICIPACI\u00d3N RESPONDIENDO&nbsp;<\/strong><a rel=\"noreferrer noopener\" href=\"https:\/\/docs.google.com\/forms\/d\/e\/1FAIpQLScuYiiCRc0b2cOS0kVKo2Z6NCVQhcXS6zJUP3oOVxS1vUDGgA\/viewform?vc=0&amp;c=0&amp;w=1\" target=\"_blank\">ESTA ENCUESTA.<\/a><\/p>\n\n\n\n<p>Este cuestionario va dirigido a personas diagnosticadas de fibromialgia, s\u00edndrome de fatiga cr\u00f3nica, sensibilidad qu\u00edmica m\u00faltiple y\/o electrosensibilidad \u00a0QUE HAN PRESENTADO SOLICITUD DE RECONOCIMENTO DE INCAPACIDAD LABORAL PERMANENTE \u00a0(en adelante ILP) en el INSS (Instituto Nacional de la Seguridad Social), YA LA HAYAN CONSEGUIDO, EST\u00c9N PENDIENTES DE RESOLUCI\u00d3N O SE LES HAYA DENEGADO, HAYAS IDO A JUICIO O NO durante los \u00faltimos 15 a\u00f1os.<\/p>\n\n\n\n<p class=\"has-text-align-center\"><strong>\u00a1\u00a1CONTAMOS CONTIGO!!<\/strong><\/p>\n","protected":false},"excerpt":{"rendered":"<p>En 2019, el colectivo de pacientes de fibromialgia, s\u00edndrome de fatiga cr\u00f3nica \/ encefalomielitis mi\u00e1lgica, sensibilidad qu\u00edmica m\u00faltiple y electrosensibilidad espa\u00f1ol se uni\u00f3 en una &hellip;<\/p>\n","protected":false},"author":2,"featured_media":0,"comment_status":"open","ping_status":"open","sticky":false,"template":"","format":"standard","meta":{"jetpack_post_was_ever_published":false,"_jetpack_newsletter_access":"","_jetpack_dont_email_post_to_subs":false,"_jetpack_newsletter_tier_id":0,"_jetpack_memberships_contains_paywalled_content":false,"_jetpack_memberships_contains_paid_content":false,"footnotes":"","jetpack_publicize_message":"","jetpack_publicize_feature_enabled":true,"jetpack_social_post_already_shared":true,"jetpack_social_options":{"image_generator_settings":{"template":"highway","enabled":false}}},"categories":[1],"tags":[],"class_list":["post-307","post","type-post","status-publish","format-standard","hentry","category-general"],"jetpack_publicize_connections":[],"jetpack_featured_media_url":"","jetpack_sharing_enabled":true,"jetpack_shortlink":"https:\/\/wp.me\/paNReN-4X","jetpack-related-posts":[],"_links":{"self":[{"href":"https:\/\/fibromialgiabenavente.es\/index.php?rest_route=\/wp\/v2\/posts\/307","targetHints":{"allow":["GET"]}}],"collection":[{"href":"https:\/\/fibromialgiabenavente.es\/index.php?rest_route=\/wp\/v2\/posts"}],"about":[{"href":"https:\/\/fibromialgiabenavente.es\/index.php?rest_route=\/wp\/v2\/types\/post"}],"author":[{"embeddable":true,"href":"https:\/\/fibromialgiabenavente.es\/index.php?rest_route=\/wp\/v2\/users\/2"}],"replies":[{"embeddable":true,"href":"https:\/\/fibromialgiabenavente.es\/index.php?rest_route=%2Fwp%2Fv2%2Fcomments&post=307"}],"version-history":[{"count":4,"href":"https:\/\/fibromialgiabenavente.es\/index.php?rest_route=\/wp\/v2\/posts\/307\/revisions"}],"predecessor-version":[{"id":476,"href":"https:\/\/fibromialgiabenavente.es\/index.php?rest_route=\/wp\/v2\/posts\/307\/revisions\/476"}],"wp:attachment":[{"href":"https:\/\/fibromialgiabenavente.es\/index.php?rest_route=%2Fwp%2Fv2%2Fmedia&parent=307"}],"wp:term":[{"taxonomy":"category","embeddable":true,"href":"https:\/\/fibromialgiabenavente.es\/index.php?rest_route=%2Fwp%2Fv2%2Fcategories&post=307"},{"taxonomy":"post_tag","embeddable":true,"href":"https:\/\/fibromialgiabenavente.es\/index.php?rest_route=%2Fwp%2Fv2%2Ftags&post=307"}],"curies":[{"name":"wp","href":"https:\/\/api.w.org\/{rel}","templated":true}]}}