{"id":346,"date":"2021-02-04T12:09:39","date_gmt":"2021-02-04T11:09:39","guid":{"rendered":"https:\/\/fibromialgiabenavente.es\/?p=346"},"modified":"2021-04-12T13:44:26","modified_gmt":"2021-04-12T11:44:26","slug":"y-a-ti-cuantas-cucharas-te-quedan","status":"publish","type":"post","link":"https:\/\/fibromialgiabenavente.es\/?p=346","title":{"rendered":"Y a ti, \u00bfcu\u00e1ntas cucharas te quedan?"},"content":{"rendered":"\n<p>Las actividades diarias de las personas con fibromialgia o fatiga cr\u00f3nica suponen todo un reto. Las dificultades que se presentan requieren de un gasto de energ\u00eda superior al de otras personas.<\/p>\n\n\n\n<p>La <strong>teor\u00eda de las cucharas<\/strong> pretende ilustrar esta realidad de un modo muy visual.<\/p>\n\n\n\n<p>Esta analog\u00eda explica que las personas con fibromialgia y\/o fatiga cr\u00f3nica tienen una cantidad reducida de energ\u00eda disponible para ejecutar las tareas cotidianas. A diferencia de las personas sin enfermedad cr\u00f3nica, no disponen de una energ\u00eda ilimitada, as\u00ed que deben saber gestionarlas dada la mayor exigencia de gasto en las tareas.<\/p>\n\n\n\n<p>Las <strong>cucharas <\/strong>representan la cantidad de energ\u00eda que tiene una persona durante un d\u00eda. Cada actividad \u00abcuesta\u00bb un cierto n\u00famero de cucharas, las cuales s\u00f3lo podr\u00e1n ser reemplazadas a medida que la persona las \u00bbrecargue\u00bb cuando descanse. Cuando se acaba la cantidad de cucharas diarias, la persona no es capaz de hacer nada m\u00e1s que descansar.<\/p>\n\n\n\n<div class=\"wp-block-image\"><figure class=\"aligncenter is-resized\"><img fetchpriority=\"high\" decoding=\"async\" data-attachment-id=\"351\" data-permalink=\"https:\/\/fibromialgiabenavente.es\/?attachment_id=351\" data-orig-file=\"https:\/\/i0.wp.com\/fibromialgiabenavente.es\/wp-content\/uploads\/2021\/02\/descarga.jpg?fit=253%2C199&amp;ssl=1\" data-orig-size=\"253,199\" data-comments-opened=\"1\" data-image-meta=\"{&quot;aperture&quot;:&quot;0&quot;,&quot;credit&quot;:&quot;&quot;,&quot;camera&quot;:&quot;&quot;,&quot;caption&quot;:&quot;&quot;,&quot;created_timestamp&quot;:&quot;0&quot;,&quot;copyright&quot;:&quot;&quot;,&quot;focal_length&quot;:&quot;0&quot;,&quot;iso&quot;:&quot;0&quot;,&quot;shutter_speed&quot;:&quot;0&quot;,&quot;title&quot;:&quot;&quot;,&quot;orientation&quot;:&quot;0&quot;}\" data-image-title=\"descarga\" data-image-description=\"\" data-image-caption=\"\" data-medium-file=\"https:\/\/i0.wp.com\/fibromialgiabenavente.es\/wp-content\/uploads\/2021\/02\/descarga.jpg?fit=253%2C199&amp;ssl=1\" data-large-file=\"https:\/\/i0.wp.com\/fibromialgiabenavente.es\/wp-content\/uploads\/2021\/02\/descarga.jpg?fit=253%2C199&amp;ssl=1\" src=\"https:\/\/i0.wp.com\/fibromialgiabenavente.es\/wp-content\/uploads\/2021\/02\/descarga.jpg?resize=316%2C249&#038;ssl=1\" alt=\"\" class=\"wp-image-351\" width=\"316\" height=\"249\" data-recalc-dims=\"1\" \/><\/figure><\/div>\n\n\n\n<p><\/p>\n\n\n\n<p>Vamos a ver el ejemplo de Julia:<\/p>\n\n\n\n<p><em>Cada ma\u00f1ana, Julia gasta su primera cuchara en levantarse. No tomar la medicaci\u00f3n significar\u00eda perder todas las cucharas as\u00ed que se hace el desayuno para poder tomarla y gasta otra cuchara.<\/em><\/p>\n\n\n\n<p><em>Tras ducharse y lavarse el pelo, lo que supone otras tres o cuatro cucharas m\u00e1s, comienza a vestirse. Debe prestar atenci\u00f3n si esa ma\u00f1ana puede abrocharse los botones o sus manos no funcionan bien, ya que esto supondr\u00eda un gasto extra de cucharas.<\/em><\/p>\n\n\n\n<p><em>Una vez lista, se dispone a bajar las escaleras del edificio (dos cucharas m\u00e1s) para comenzar su d\u00eda.<\/em><\/p>\n\n\n\n<p>Esta situaci\u00f3n se traduce en que Julia, sin a\u00fan salir de casa, ya ha gastado un n\u00famero importante de cucharas. Por ese motivo, debe planear muy bien en que invertir la energ\u00eda que a\u00fan le queda.<strong><\/strong><\/p>\n\n\n\n<p>El principal concepto que debemos tener claro es el de \u201ceconomizar las cucharas\u201d, es decir, planear bien las actividades diarias para poder conservar energ\u00eda.<\/p>\n\n\n\n<p>Cada persona comienza el d\u00eda con un n\u00famero concreto de cucharas (12, 20, 5\u2026), el cual var\u00eda de un d\u00eda a otro. Dado que no se tiene un suministro ilimitado habr\u00e1 que planificar bien todas las tareas por muy triviales que parezcan.<\/p>\n\n\n\n<p>Esta gesti\u00f3n de la energ\u00eda muchas veces se descontrola porque una tarea nos lleva m\u00e1s cucharas de las esperadas o esa actividad que me gasta una, esta vez me ha gastado dos.<\/p>\n\n\n\n<p>Hay mucho aprendizaje ensayo-error, realizar una tarea que implica muchas cucharas implica no poder realizar otra o no reservarlas, supone arriesgarse a no tener energ\u00eda para acabar el d\u00eda. Todo ello servir\u00e1 de experiencia ya que la pr\u00f3xima vez sabremos administrarlas mejor.<\/p>\n\n\n\n<p>As\u00ed que vamos a coger nuestras cucharas y planificar nuestro d\u00eda. \u00bfPreparados?<\/p>\n\n\n\n<p><\/p>\n\n\n\n<p><\/p>\n\n\n\n<p class=\"has-text-align-right\">Nora Vecino L\u00f3pez. Psic\u00f3loga<\/p>\n","protected":false},"excerpt":{"rendered":"<p>Las actividades diarias de las personas con fibromialgia o fatiga cr\u00f3nica suponen todo un reto. Las dificultades que se presentan requieren de un gasto de &hellip;<\/p>\n","protected":false},"author":2,"featured_media":353,"comment_status":"open","ping_status":"open","sticky":false,"template":"","format":"standard","meta":{"jetpack_post_was_ever_published":false,"_jetpack_newsletter_access":"","_jetpack_dont_email_post_to_subs":false,"_jetpack_newsletter_tier_id":0,"_jetpack_memberships_contains_paywalled_content":false,"_jetpack_memberships_contains_paid_content":false,"footnotes":"","jetpack_publicize_message":"","jetpack_publicize_feature_enabled":true,"jetpack_social_post_already_shared":true,"jetpack_social_options":{"image_generator_settings":{"template":"highway","enabled":false}}},"categories":[7,1],"tags":[9,8,14,15,16],"class_list":["post-346","post","type-post","status-publish","format-standard","has-post-thumbnail","hentry","category-blog","category-general","tag-dolor-cronico","tag-fibromialgia","tag-salud-mental","tag-sfc","tag-teoria-de-las-cucharas"],"jetpack_publicize_connections":[],"jetpack_featured_media_url":"https:\/\/i0.wp.com\/fibromialgiabenavente.es\/wp-content\/uploads\/2021\/02\/hqdefault.jpg?fit=480%2C360&ssl=1","jetpack_sharing_enabled":true,"jetpack_shortlink":"https:\/\/wp.me\/paNReN-5A","jetpack-related-posts":[],"_links":{"self":[{"href":"https:\/\/fibromialgiabenavente.es\/index.php?rest_route=\/wp\/v2\/posts\/346","targetHints":{"allow":["GET"]}}],"collection":[{"href":"https:\/\/fibromialgiabenavente.es\/index.php?rest_route=\/wp\/v2\/posts"}],"about":[{"href":"https:\/\/fibromialgiabenavente.es\/index.php?rest_route=\/wp\/v2\/types\/post"}],"author":[{"embeddable":true,"href":"https:\/\/fibromialgiabenavente.es\/index.php?rest_route=\/wp\/v2\/users\/2"}],"replies":[{"embeddable":true,"href":"https:\/\/fibromialgiabenavente.es\/index.php?rest_route=%2Fwp%2Fv2%2Fcomments&post=346"}],"version-history":[{"count":4,"href":"https:\/\/fibromialgiabenavente.es\/index.php?rest_route=\/wp\/v2\/posts\/346\/revisions"}],"predecessor-version":[{"id":475,"href":"https:\/\/fibromialgiabenavente.es\/index.php?rest_route=\/wp\/v2\/posts\/346\/revisions\/475"}],"wp:featuredmedia":[{"embeddable":true,"href":"https:\/\/fibromialgiabenavente.es\/index.php?rest_route=\/wp\/v2\/media\/353"}],"wp:attachment":[{"href":"https:\/\/fibromialgiabenavente.es\/index.php?rest_route=%2Fwp%2Fv2%2Fmedia&parent=346"}],"wp:term":[{"taxonomy":"category","embeddable":true,"href":"https:\/\/fibromialgiabenavente.es\/index.php?rest_route=%2Fwp%2Fv2%2Fcategories&post=346"},{"taxonomy":"post_tag","embeddable":true,"href":"https:\/\/fibromialgiabenavente.es\/index.php?rest_route=%2Fwp%2Fv2%2Ftags&post=346"}],"curies":[{"name":"wp","href":"https:\/\/api.w.org\/{rel}","templated":true}]}}