{"id":415,"date":"2021-05-11T19:38:54","date_gmt":"2021-05-11T17:38:54","guid":{"rendered":"https:\/\/fibromialgiabenavente.es\/?p=415"},"modified":"2021-05-11T19:38:54","modified_gmt":"2021-05-11T17:38:54","slug":"la-caixa-renueva-su-colaboracion-con-afibe","status":"publish","type":"post","link":"https:\/\/fibromialgiabenavente.es\/?p=415","title":{"rendered":"La Caixa renueva su colaboraci\u00f3n con AFIBE"},"content":{"rendered":"\n<p>Esta ma\u00f1ana la Presidenta de la Asociaci\u00f3n se ha reunido con el Director y el Subdirector de La Caixa para renovar la colaboraci\u00f3n de su Obra Social con AFIBE.<\/p>\n\n\n\n<p>Coincidiendo con la Semana Internacional de la Fibromialgia, esta entidad ha realizado una aportaci\u00f3n de 2.000\u20ac a la asociaci\u00f3n para ayudarla a seguir adelante con sus servicios y proyectos a las personas afectadas por esta enfermedad en Benavente y Provincia.<\/p>\n\n\n\n<div class=\"wp-block-image\"><figure class=\"aligncenter size-large\"><img fetchpriority=\"high\" decoding=\"async\" width=\"502\" height=\"540\" data-attachment-id=\"418\" data-permalink=\"https:\/\/fibromialgiabenavente.es\/?attachment_id=418\" data-orig-file=\"https:\/\/i0.wp.com\/fibromialgiabenavente.es\/wp-content\/uploads\/2021\/05\/firma-la-caixa.jpg?fit=502%2C540&amp;ssl=1\" data-orig-size=\"502,540\" data-comments-opened=\"1\" data-image-meta=\"{&quot;aperture&quot;:&quot;0&quot;,&quot;credit&quot;:&quot;&quot;,&quot;camera&quot;:&quot;&quot;,&quot;caption&quot;:&quot;&quot;,&quot;created_timestamp&quot;:&quot;0&quot;,&quot;copyright&quot;:&quot;&quot;,&quot;focal_length&quot;:&quot;0&quot;,&quot;iso&quot;:&quot;0&quot;,&quot;shutter_speed&quot;:&quot;0&quot;,&quot;title&quot;:&quot;&quot;,&quot;orientation&quot;:&quot;0&quot;}\" data-image-title=\"firma-la-caixa\" data-image-description=\"\" data-image-caption=\"\" data-medium-file=\"https:\/\/i0.wp.com\/fibromialgiabenavente.es\/wp-content\/uploads\/2021\/05\/firma-la-caixa.jpg?fit=279%2C300&amp;ssl=1\" data-large-file=\"https:\/\/i0.wp.com\/fibromialgiabenavente.es\/wp-content\/uploads\/2021\/05\/firma-la-caixa.jpg?fit=502%2C540&amp;ssl=1\" src=\"https:\/\/i0.wp.com\/fibromialgiabenavente.es\/wp-content\/uploads\/2021\/05\/firma-la-caixa.jpg?resize=502%2C540&#038;ssl=1\" alt=\"\" class=\"wp-image-418\" srcset=\"https:\/\/i0.wp.com\/fibromialgiabenavente.es\/wp-content\/uploads\/2021\/05\/firma-la-caixa.jpg?w=502&amp;ssl=1 502w, https:\/\/i0.wp.com\/fibromialgiabenavente.es\/wp-content\/uploads\/2021\/05\/firma-la-caixa.jpg?resize=279%2C300&amp;ssl=1 279w\" sizes=\"(max-width: 502px) 100vw, 502px\" data-recalc-dims=\"1\" \/><\/figure><\/div>\n","protected":false},"excerpt":{"rendered":"<p>Esta ma\u00f1ana la Presidenta de la Asociaci\u00f3n se ha reunido con el Director y el Subdirector de La Caixa para renovar la colaboraci\u00f3n de su &hellip;<\/p>\n","protected":false},"author":2,"featured_media":0,"comment_status":"open","ping_status":"open","sticky":false,"template":"","format":"standard","meta":{"jetpack_post_was_ever_published":false,"_jetpack_newsletter_access":"","_jetpack_dont_email_post_to_subs":false,"_jetpack_newsletter_tier_id":0,"_jetpack_memberships_contains_paywalled_content":false,"_jetpack_memberships_contains_paid_content":false,"footnotes":"","jetpack_publicize_message":"","jetpack_publicize_feature_enabled":true,"jetpack_social_post_already_shared":true,"jetpack_social_options":{"image_generator_settings":{"template":"highway","enabled":false}}},"categories":[7],"tags":[],"class_list":["post-415","post","type-post","status-publish","format-standard","hentry","category-blog"],"jetpack_publicize_connections":[],"jetpack_featured_media_url":"","jetpack_sharing_enabled":true,"jetpack_shortlink":"https:\/\/wp.me\/paNReN-6H","jetpack-related-posts":[],"_links":{"self":[{"href":"https:\/\/fibromialgiabenavente.es\/index.php?rest_route=\/wp\/v2\/posts\/415","targetHints":{"allow":["GET"]}}],"collection":[{"href":"https:\/\/fibromialgiabenavente.es\/index.php?rest_route=\/wp\/v2\/posts"}],"about":[{"href":"https:\/\/fibromialgiabenavente.es\/index.php?rest_route=\/wp\/v2\/types\/post"}],"author":[{"embeddable":true,"href":"https:\/\/fibromialgiabenavente.es\/index.php?rest_route=\/wp\/v2\/users\/2"}],"replies":[{"embeddable":true,"href":"https:\/\/fibromialgiabenavente.es\/index.php?rest_route=%2Fwp%2Fv2%2Fcomments&post=415"}],"version-history":[{"count":1,"href":"https:\/\/fibromialgiabenavente.es\/index.php?rest_route=\/wp\/v2\/posts\/415\/revisions"}],"predecessor-version":[{"id":419,"href":"https:\/\/fibromialgiabenavente.es\/index.php?rest_route=\/wp\/v2\/posts\/415\/revisions\/419"}],"wp:attachment":[{"href":"https:\/\/fibromialgiabenavente.es\/index.php?rest_route=%2Fwp%2Fv2%2Fmedia&parent=415"}],"wp:term":[{"taxonomy":"category","embeddable":true,"href":"https:\/\/fibromialgiabenavente.es\/index.php?rest_route=%2Fwp%2Fv2%2Fcategories&post=415"},{"taxonomy":"post_tag","embeddable":true,"href":"https:\/\/fibromialgiabenavente.es\/index.php?rest_route=%2Fwp%2Fv2%2Ftags&post=415"}],"curies":[{"name":"wp","href":"https:\/\/api.w.org\/{rel}","templated":true}]}}