{"id":441,"date":"2021-06-07T11:42:10","date_gmt":"2021-06-07T09:42:10","guid":{"rendered":"https:\/\/fibromialgiabenavente.es\/?p=441"},"modified":"2021-06-07T11:42:10","modified_gmt":"2021-06-07T09:42:10","slug":"la-federacion-se-reune-con-el-delegado-del-gobierno-en-castilla-y-leon","status":"publish","type":"post","link":"https:\/\/fibromialgiabenavente.es\/?p=441","title":{"rendered":"La Federaci\u00f3n se re\u00fane con el Delegado del Gobierno en Castilla y Le\u00f3n."},"content":{"rendered":"\n<p>El 1 de junio representantes de la Federaci\u00f3n de Fibromialgia y Fatiga Cr\u00f3nica de Castilla y Le\u00f3n (FFISCYL) se reuni\u00f3 con el Delegado del Gobierno en Castilla y Le\u00f3n, Javier Izquierdo Roncero para tratar temas relacionados con la incapacidad y discapacidad de nuestras patolog\u00edas.<\/p>\n\n\n\n<p>Se puso en su conocimiento el descontento generalizado que tienen los Zamoranos afectados por estas patolog\u00edas sobre el trato recibido por parte de la delegaci\u00f3n provincial del INSS y se le entreg\u00f3 documentaci\u00f3n relativa a algunos de los casos que como Asociaci\u00f3n y Federaci\u00f3n estamos defendiendo.<\/p>\n\n\n\n<p>La reuni\u00f3n fue bastante cordial, y las conclusiones que se alcanzaron pueden resumirse en las siguientes:<\/p>\n\n\n\n<p>\u00a0 1.  Compromiso por parte del Delegado de interesarse por lo que est\u00e1 sucediendo en el INSS de Zamora.<\/p>\n\n\n\n<p>2.&nbsp;&nbsp;&nbsp;&nbsp;&nbsp;&nbsp;&nbsp;Conocer el motivo de que en Castilla y Le\u00f3n no concedan nada relativo a discapacidad (baremo de discapacidad).<\/p>\n\n\n\n<p>3.&nbsp;&nbsp;&nbsp;&nbsp;&nbsp;&nbsp;&nbsp;Compromiso de tratar de movilizar alguna partida para formaci\u00f3n de los profesionales, sobre todo para m\u00e9dicos de familia, ya que seg\u00fan la Consejera, son quienes deben atender estas patolog\u00edas.<\/p>\n\n\n\n<figure class=\"wp-block-image size-large\"><img fetchpriority=\"high\" decoding=\"async\" width=\"760\" height=\"428\" data-attachment-id=\"444\" data-permalink=\"https:\/\/fibromialgiabenavente.es\/?attachment_id=444\" data-orig-file=\"https:\/\/i0.wp.com\/fibromialgiabenavente.es\/wp-content\/uploads\/2021\/06\/IMG-20210601-WA0000-1.jpg?fit=2016%2C1134&amp;ssl=1\" data-orig-size=\"2016,1134\" data-comments-opened=\"1\" data-image-meta=\"{&quot;aperture&quot;:&quot;0&quot;,&quot;credit&quot;:&quot;&quot;,&quot;camera&quot;:&quot;&quot;,&quot;caption&quot;:&quot;&quot;,&quot;created_timestamp&quot;:&quot;0&quot;,&quot;copyright&quot;:&quot;&quot;,&quot;focal_length&quot;:&quot;0&quot;,&quot;iso&quot;:&quot;0&quot;,&quot;shutter_speed&quot;:&quot;0&quot;,&quot;title&quot;:&quot;&quot;,&quot;orientation&quot;:&quot;0&quot;}\" data-image-title=\"IMG-20210601-WA0000-1\" data-image-description=\"\" data-image-caption=\"\" data-medium-file=\"https:\/\/i0.wp.com\/fibromialgiabenavente.es\/wp-content\/uploads\/2021\/06\/IMG-20210601-WA0000-1.jpg?fit=300%2C169&amp;ssl=1\" data-large-file=\"https:\/\/i0.wp.com\/fibromialgiabenavente.es\/wp-content\/uploads\/2021\/06\/IMG-20210601-WA0000-1.jpg?fit=760%2C428&amp;ssl=1\" src=\"https:\/\/i0.wp.com\/fibromialgiabenavente.es\/wp-content\/uploads\/2021\/06\/IMG-20210601-WA0000-1.jpg?resize=760%2C428&#038;ssl=1\" alt=\"\" class=\"wp-image-444\" srcset=\"https:\/\/i0.wp.com\/fibromialgiabenavente.es\/wp-content\/uploads\/2021\/06\/IMG-20210601-WA0000-1.jpg?resize=1024%2C576&amp;ssl=1 1024w, https:\/\/i0.wp.com\/fibromialgiabenavente.es\/wp-content\/uploads\/2021\/06\/IMG-20210601-WA0000-1.jpg?resize=300%2C169&amp;ssl=1 300w, https:\/\/i0.wp.com\/fibromialgiabenavente.es\/wp-content\/uploads\/2021\/06\/IMG-20210601-WA0000-1.jpg?resize=768%2C432&amp;ssl=1 768w, https:\/\/i0.wp.com\/fibromialgiabenavente.es\/wp-content\/uploads\/2021\/06\/IMG-20210601-WA0000-1.jpg?resize=1536%2C864&amp;ssl=1 1536w, https:\/\/i0.wp.com\/fibromialgiabenavente.es\/wp-content\/uploads\/2021\/06\/IMG-20210601-WA0000-1.jpg?w=2016&amp;ssl=1 2016w\" sizes=\"(max-width: 760px) 100vw, 760px\" data-recalc-dims=\"1\" \/><\/figure>\n\n\n\n<figure class=\"wp-block-image size-large\"><img decoding=\"async\" width=\"760\" height=\"428\" data-attachment-id=\"445\" data-permalink=\"https:\/\/fibromialgiabenavente.es\/?attachment_id=445\" data-orig-file=\"https:\/\/i0.wp.com\/fibromialgiabenavente.es\/wp-content\/uploads\/2021\/06\/IMG-20210601-WA0002-1.jpg?fit=2016%2C1134&amp;ssl=1\" data-orig-size=\"2016,1134\" data-comments-opened=\"1\" data-image-meta=\"{&quot;aperture&quot;:&quot;0&quot;,&quot;credit&quot;:&quot;&quot;,&quot;camera&quot;:&quot;&quot;,&quot;caption&quot;:&quot;&quot;,&quot;created_timestamp&quot;:&quot;0&quot;,&quot;copyright&quot;:&quot;&quot;,&quot;focal_length&quot;:&quot;0&quot;,&quot;iso&quot;:&quot;0&quot;,&quot;shutter_speed&quot;:&quot;0&quot;,&quot;title&quot;:&quot;&quot;,&quot;orientation&quot;:&quot;0&quot;}\" data-image-title=\"IMG-20210601-WA0002-1\" data-image-description=\"\" data-image-caption=\"\" data-medium-file=\"https:\/\/i0.wp.com\/fibromialgiabenavente.es\/wp-content\/uploads\/2021\/06\/IMG-20210601-WA0002-1.jpg?fit=300%2C169&amp;ssl=1\" data-large-file=\"https:\/\/i0.wp.com\/fibromialgiabenavente.es\/wp-content\/uploads\/2021\/06\/IMG-20210601-WA0002-1.jpg?fit=760%2C428&amp;ssl=1\" src=\"https:\/\/i0.wp.com\/fibromialgiabenavente.es\/wp-content\/uploads\/2021\/06\/IMG-20210601-WA0002-1.jpg?resize=760%2C428&#038;ssl=1\" alt=\"\" class=\"wp-image-445\" srcset=\"https:\/\/i0.wp.com\/fibromialgiabenavente.es\/wp-content\/uploads\/2021\/06\/IMG-20210601-WA0002-1.jpg?resize=1024%2C576&amp;ssl=1 1024w, https:\/\/i0.wp.com\/fibromialgiabenavente.es\/wp-content\/uploads\/2021\/06\/IMG-20210601-WA0002-1.jpg?resize=300%2C169&amp;ssl=1 300w, https:\/\/i0.wp.com\/fibromialgiabenavente.es\/wp-content\/uploads\/2021\/06\/IMG-20210601-WA0002-1.jpg?resize=768%2C432&amp;ssl=1 768w, https:\/\/i0.wp.com\/fibromialgiabenavente.es\/wp-content\/uploads\/2021\/06\/IMG-20210601-WA0002-1.jpg?resize=1536%2C864&amp;ssl=1 1536w, https:\/\/i0.wp.com\/fibromialgiabenavente.es\/wp-content\/uploads\/2021\/06\/IMG-20210601-WA0002-1.jpg?w=2016&amp;ssl=1 2016w\" sizes=\"(max-width: 760px) 100vw, 760px\" data-recalc-dims=\"1\" \/><\/figure>\n\n\n\n<p><\/p>\n","protected":false},"excerpt":{"rendered":"<p>El 1 de junio representantes de la Federaci\u00f3n de Fibromialgia y Fatiga Cr\u00f3nica de Castilla y Le\u00f3n (FFISCYL) se reuni\u00f3 con el Delegado del Gobierno &hellip;<\/p>\n","protected":false},"author":2,"featured_media":0,"comment_status":"open","ping_status":"open","sticky":false,"template":"","format":"standard","meta":{"jetpack_post_was_ever_published":false,"_jetpack_newsletter_access":"","_jetpack_dont_email_post_to_subs":false,"_jetpack_newsletter_tier_id":0,"_jetpack_memberships_contains_paywalled_content":false,"_jetpack_memberships_contains_paid_content":false,"footnotes":"","jetpack_publicize_message":"","jetpack_publicize_feature_enabled":true,"jetpack_social_post_already_shared":true,"jetpack_social_options":{"image_generator_settings":{"template":"highway","enabled":false}}},"categories":[7],"tags":[],"class_list":["post-441","post","type-post","status-publish","format-standard","hentry","category-blog"],"jetpack_publicize_connections":[],"jetpack_featured_media_url":"","jetpack_sharing_enabled":true,"jetpack_shortlink":"https:\/\/wp.me\/paNReN-77","jetpack-related-posts":[],"_links":{"self":[{"href":"https:\/\/fibromialgiabenavente.es\/index.php?rest_route=\/wp\/v2\/posts\/441","targetHints":{"allow":["GET"]}}],"collection":[{"href":"https:\/\/fibromialgiabenavente.es\/index.php?rest_route=\/wp\/v2\/posts"}],"about":[{"href":"https:\/\/fibromialgiabenavente.es\/index.php?rest_route=\/wp\/v2\/types\/post"}],"author":[{"embeddable":true,"href":"https:\/\/fibromialgiabenavente.es\/index.php?rest_route=\/wp\/v2\/users\/2"}],"replies":[{"embeddable":true,"href":"https:\/\/fibromialgiabenavente.es\/index.php?rest_route=%2Fwp%2Fv2%2Fcomments&post=441"}],"version-history":[{"count":2,"href":"https:\/\/fibromialgiabenavente.es\/index.php?rest_route=\/wp\/v2\/posts\/441\/revisions"}],"predecessor-version":[{"id":447,"href":"https:\/\/fibromialgiabenavente.es\/index.php?rest_route=\/wp\/v2\/posts\/441\/revisions\/447"}],"wp:attachment":[{"href":"https:\/\/fibromialgiabenavente.es\/index.php?rest_route=%2Fwp%2Fv2%2Fmedia&parent=441"}],"wp:term":[{"taxonomy":"category","embeddable":true,"href":"https:\/\/fibromialgiabenavente.es\/index.php?rest_route=%2Fwp%2Fv2%2Fcategories&post=441"},{"taxonomy":"post_tag","embeddable":true,"href":"https:\/\/fibromialgiabenavente.es\/index.php?rest_route=%2Fwp%2Fv2%2Ftags&post=441"}],"curies":[{"name":"wp","href":"https:\/\/api.w.org\/{rel}","templated":true}]}}