{"id":720,"date":"2025-10-23T16:06:27","date_gmt":"2025-10-23T14:06:27","guid":{"rendered":"https:\/\/fibromialgiabenavente.es\/?p=720"},"modified":"2025-10-23T16:06:27","modified_gmt":"2025-10-23T14:06:27","slug":"respirar-para-seguir-meditacion-y-mindfulness-para-cuando-la-enfermedad-marca-el-ritmo","status":"publish","type":"post","link":"https:\/\/fibromialgiabenavente.es\/?p=720","title":{"rendered":"Respirar para seguir: Meditaci\u00f3n y mindfulness para cuando la enfermedad marca el ritmo."},"content":{"rendered":"\n<p>La Organizaci\u00f3n Mundial de la Salud (OMS) define la salud como \u201cun estado de completo bienestar f\u00edsico, mental y social, y no \u00fanicamente la ausencia de enfermedades. Esta definici\u00f3n amplia sugiere que las enfermedades cr\u00f3nicas, al verse afectadas por varios \u00e1mbitos de la vida, compromete tambi\u00e9n el bienestar integral de la persona.<\/p>\n\n\n\n<p>De acuerdo con la teor\u00eda de la cognici\u00f3n encarnada, la mente y el cuerpo forman una unidad funcional inseparable, por lo que nuestras experiencias corporales influyen directamente en los procesos mentales. En consecuencia, la vivencia de una enfermedad cr\u00f3nica suele implicar una transformaci\u00f3n radical en la biolog\u00eda de la persona, con profundas consecuencias no solo f\u00edsicas, tambi\u00e9n emocionales y sociales.<\/p>\n\n\n\n<p>La capacidad de regular las emociones de manera saludable es esencial para adaptarse a la nueva realidad impuesta por la enfermedad. Las investigaciones muestran que afrontar las demandas emocionales asociadas al malestar cr\u00f3nico puede agotar los recursos psicol\u00f3gicos de la persona, y que a su vez, estas pueden ocasionar un peor funcionamiento f\u00edsico.<\/p>\n\n\n\n<p>De esta forma, el dolor cr\u00f3nico se entiende mejor desde un modelo biopsicosocial que reconoce su naturaleza multidimensional y din\u00e1mica. Este enfoque explica por qu\u00e9 el dolor persistente fluct\u00faa y est\u00e1 influido por factores biol\u00f3gicos, psicol\u00f3gicos y sociales, haci\u00e9ndolo dif\u00edcil de tratar \u00fanicamente con intervenciones medicas convencionales.<\/p>\n\n\n\n<p>En este panorama integral, la meditaci\u00f3n y las pr\u00e1cticas de atenci\u00f3n plena (mindfulness) han emergido como herramientas complementarias valiosas. Si bien no sustituyen los tratamientos m\u00e9dicos convencionales, diversos estudios cient\u00edficos se\u00f1alan que estas pr\u00e1cticas aportan beneficios adicionales.<\/p>\n\n\n\n<p>De manera consistente, investigaciones recientes indican que la meditaci\u00f3n puede reducir la intensidad del dolor, aumentar la tolerancia al mismo y reforzar el bienestar general en pacientes con dolor cr\u00f3nico. En conjunto, estas pr\u00e1cticas promueven la autorregulaci\u00f3n emocional, la conciencia corporal y la resiliencia, completando eficazmente la atenci\u00f3n medica y contribuyendo a mejorar la calidad de vida y el bienestar emocional de quienes conviven con enfermedades.<\/p>\n\n\n\n<p><\/p>\n\n\n\n<p><strong>Pero\u2026 \u00bfqu\u00e9 es la meditaci\u00f3n? \u00bfY el mindfulness?<\/strong><\/p>\n\n\n\n<p>La meditaci\u00f3n se presenta como un entrenamiento sistem\u00e1tico de la mente orientado a modificar la percepci\u00f3n de la realidad mediante la focalizaci\u00f3n voluntaria de la atenci\u00f3n. Durante la pr\u00e1ctica, se cultiva una observaci\u00f3n consciente y despegada de los procesos mentales y emociones, manteniendo una actitud curiosa y aceptante hacia la experiencia presente. &nbsp;<\/p>\n\n\n\n<p>Para ello se elige un objeto de atenci\u00f3n concreto que puede variar seg\u00fan la pr\u00e1ctica. Uno de los m\u00e1s utilizados es la respiraci\u00f3n, por su car\u00e1cter constante y accesible, pero tambi\u00e9n suelen empleares sonidos, sensaciones f\u00edsicas, emociones o pensamientos. En contextos de salud y bienestar, tambi\u00e9n puede enfocarse la atenci\u00f3n en la propia experiencia corporal del momento o en la percepci\u00f3n del dolor, no con el fin de eliminarlo, sino de comprenderlo y relacionar con \u00e9l de una manera diferente.<\/p>\n\n\n\n<p>Mediante esta toma de conciencia enfocada en el presente, la persona aprende gradualmente a reconocer y desvincularse de pensamientos rumiativos, emociones y patrones de comportamiento contraproducentes, lo que contribuye a aliviar su propio malestar psicol\u00f3gico.<\/p>\n\n\n\n<p>El termino mindfulness corresponde a la traducci\u00f3n de la palabra Sati -en lengua Pali-, que hace referencia a un particular estado de atenci\u00f3n o conciencia plena del momento presente, en otras palabras, prestar atenci\u00f3n \u00fanica y deliberadamente al \u201caqu\u00ed y ahora\u201d. Esta cualidad implica asumir una actitud de apertura y benevolencia hacia la experiencia inmediata sin juicios, que permite discernir lo \u00fatil de lo perjudicial en nuestros procesos internos.<\/p>\n\n\n\n<p>Al aplicar esta atenci\u00f3n plena al dolor \u2013 por ejemplo, observando la sensaci\u00f3n corporal o en tono emocional que la acompa\u00f1a- se favorece una reevaluaci\u00f3n consciente del malestar, lo que permite atenuar la intensidad de la experiencia global del dolor al haber eliminado componentes emocionales que le daban un significado conflictivo, o a disminuir la identificaci\u00f3n con el dolor.<\/p>\n\n\n\n<p>Diversas investigaciones de neurociencia han demostrado que la pr\u00e1ctica de la meditaci\u00f3n no solo influye en el bienestar psicol\u00f3gico, sino que tambi\u00e9n produce cambios funcionales y estructurales en el cerebro. En particular, se ha observado que refuerza la conectividad fronto \u2013 l\u00edmbica, la red que une la corteza prefrontal con sistemas emocionales, lo que favorece un mayor control de las emociones, la toma de decisiones y la autorregulaci\u00f3n cognitiva. Estos cambios cerebrales sugieren que la meditaci\u00f3n promueve estrategias mentales m\u00e1s adaptativas, ayudando a modular las respuestas emocionales ante el dolor o el malestar: en lugar de reforzar reacciones autom\u00e1ticas ante el dolor, activas \u00e1reas corticales superiores que revaloran el est\u00edmulo.<\/p>\n\n\n\n<p>As\u00ed, no se busca controlar o eliminar los pensamientos, sino cultivas una conciencia plena del cuerpo, la respiraci\u00f3n y las sensaciones presentes, facilitando una relaci\u00f3n m\u00e1s equilibrada con la experiencia interna.<\/p>\n\n\n\n<p>Un concepto central en este proceso es la intercepci\u00f3n, es decir, la capacidad de percibir las sensaciones internas del cuerpo (ritmo respiratorio, palpitaciones, tensi\u00f3n muscular\u2026). Entrenar esta conciencia, ayuda por ejemplo, a contener la mirada en el cuerpo, con plena atenci\u00f3n y comprensi\u00f3n clara para desarrollar la sensibilidad interoceptiva, volviendo a la persona m\u00e1s h\u00e1biles para reconocer cambios \u00fatiles en su estado corporal y emocional.<\/p>\n\n\n\n<p>Adem\u00e1s, al centrar la atenci\u00f3n en sensaciones f\u00edsicas se aprende a responder con calma y presencia ante el malestar, en lugar de dejarse llevar por la alarma autom\u00e1tica.<\/p>\n\n\n\n<p><\/p>\n\n\n\n<p><strong>Aplicaciones cl\u00ednicas e investigaci\u00f3n en dolor<\/strong><\/p>\n\n\n\n<p>La creciente evidencia cient\u00edfica sobre los efectos de la meditaci\u00f3n y el mindfulness ha impulsado el desarrollo de programas estructurados que integran estas pr\u00e1cticas en el \u00e1mbito cl\u00ednico y terap\u00e9utico. Uno de los m\u00e1s reconocidos a nivel internacional es el programa de \u201cReducci\u00f3n del Estr\u00e9s Basado en Mindfulness\u201d (MBSR, por sus siglas en ingl\u00e9s) creado por Jon Kebat-Zinn en la Universidad de Massachusetts. Este modelo ha sido aplicado con \u00e9xito entre personas que, entre otras enfermedades, padecen dolor cr\u00f3nico, mostrando resultados de mejora del bienestar general y de adaptaci\u00f3n psicol\u00f3gica ante la enfermedad.<\/p>\n\n\n\n<p>Una de las investigaciones m\u00e1s destacadas es la del Dr. Fadel Zeidan y su equipo et al. (2015), quienes analizaron la respuesta cerebral ante est\u00edmulos dolorosos controlados en cuatro grupos de voluntario: un primer grupo que recibi\u00f3 entrenamiento en mindfulness, otro un entrenamiento simulado (solo respiraciones profundas), un tercero con tratamiento placebo y un grupo control.<\/p>\n\n\n\n<p>Los resultados confirmaron que el entrenamiento genuino redujo significativamente tanto la intensidad del dolor como el malestar subjetivo asociado a este, m\u00e1s all\u00e1 de los efectos placebo.<\/p>\n\n\n\n<p>A nivel cerebral, el grupo de mindfulness genuino present\u00f3 una activaci\u00f3n de la corteza orbito frontal, \u00e1rea implicada en la reevaluaci\u00f3n cognitiva y en la disminuci\u00f3n del componente emocional del dolor. As\u00ed como una mayor activaci\u00f3n de la corteza cingulada anterior, vinculada con la regulaci\u00f3n emocional y el control de la atenci\u00f3n.<\/p>\n\n\n\n<p>Finalmente, tambi\u00e9n se registr\u00f3 una menor actividad en el t\u00e1lamo y en la corteza somatosensorial primaria, regiones encargadas de procesar la intensidad y localizaci\u00f3n del dolor f\u00edsico.<\/p>\n\n\n\n<p>Estos hallazgos sugieren que la pr\u00e1ctica de la meditaci\u00f3n y mindfulness act\u00faa modificando la forma en el que el cerebro interpreta y responde al dolor, atenuando el dolor y reduciendo su carga emocional y favoreciendo una relaci\u00f3n m\u00e1s consiente y equilibrada con la experiencia corporal.&nbsp;<\/p>\n\n\n\n<p><strong>Ejercicios breves para iniciarse<\/strong><\/p>\n\n\n\n<ol class=\"wp-block-list\">\n<li>Respiraci\u00f3n consciente<\/li>\n<\/ol>\n\n\n\n<ol class=\"wp-block-list\"><\/ol>\n\n\n\n<p>Si\u00e9ntate y\/o recu\u00e9state en una postura c\u00f3moda. Si te sientes c\u00f3modo, cierra tambi\u00e9n los ojos.<\/p>\n\n\n\n<p>Lleva la atenci\u00f3n a la respiraci\u00f3n: siente el aire entrar y salir por la nariz.<\/p>\n\n\n\n<p>Cuenta mentalmente \u201c1\u201d al inhalar y \u201c2\u201d al exhalar. Repite hasta 10 ciclos o de 2 a 3 minutos.<\/p>\n\n\n\n<p>2. Escaneo corporal<\/p>\n\n\n\n<p>Acu\u00e9state o si\u00e9ntate c\u00f3modo y cierra los ojos si lo deseas.<\/p>\n\n\n\n<p>Lleva la atenci\u00f3n a los pies: nota sensaciones (temperatura, posici\u00f3n) Mant\u00e9n 20 segundo la atenci\u00f3n en \u00e9l.<\/p>\n\n\n\n<p>Sube la atenci\u00f3n lentamente a piernas, pelvis, abdomen, pecho, manos, hombro cuello y cabeza. Deteni\u00e9ndote 20 segundos en cada zona.<\/p>\n\n\n\n<p>Si aparece dolor, respira profundamente y obs\u00e9rvalo como una sensaci\u00f3n m\u00e1s (intenta no a\u00f1adir intensidad). Si el dolor aumenta, abre los ojos y cambia de postura.<\/p>\n\n\n\n<p class=\"has-text-align-right\">Jenifer Mor\u00e1n <\/p>\n\n\n\n<p><\/p>\n\n\n\n<blockquote class=\"wp-block-quote is-layout-flow wp-block-quote-is-layout-flow\">\n<p>Badenes, A., &amp; Aus\u00edn, B. (2021). Eficacia de las intervenciones basadas en el entrenamiento en mindfulness para mejorar el bienestar psicol\u00f3gico en personas mayores con una enfermedad cr\u00f3nica.&nbsp;<em>Revista de psicogeriatr\u00eda<\/em>,&nbsp;<em>11<\/em>(1), 17-23.<\/p>\n\n\n\n<p>Garitaonandia, L. I., &amp; Soto, \u00c1. C. (2024). La conexi\u00f3n cuerpo, mente y emociones, y su relaci\u00f3n con la salud y enfermedad.&nbsp;<em>Journal of Neuroeducation<\/em>,&nbsp;<em>4<\/em>(2).<\/p>\n\n\n\n<p>Seguel, J. (2019). Meditaci\u00f3n, una nueva estrategia para el alivio del dolor.&nbsp;<em>Revista M\u00e9dica Cl\u00ednica Las Condes<\/em>,&nbsp;<em>30<\/em>(6), 480-486.<\/p>\n\n\n\n<p>Kabat-Zinn, J. (2016).&nbsp;<em>Vivir con plenitud las crisis: C\u00f3mo utilizar la sabidur\u00eda del cuerpo y de la mente para enfrentarnos al estr\u00e9s, el dolor y la enfermedad<\/em>. Editorial Kair\u00f3s.<\/p>\n<\/blockquote>\n","protected":false},"excerpt":{"rendered":"<p>La Organizaci\u00f3n Mundial de la Salud (OMS) define la salud como \u201cun estado de completo bienestar f\u00edsico, mental y social, y no \u00fanicamente la ausencia &hellip;<\/p>\n","protected":false},"author":2,"featured_media":0,"comment_status":"open","ping_status":"open","sticky":false,"template":"","format":"standard","meta":{"jetpack_post_was_ever_published":false,"_jetpack_newsletter_access":"","_jetpack_dont_email_post_to_subs":false,"_jetpack_newsletter_tier_id":0,"_jetpack_memberships_contains_paywalled_content":false,"_jetpack_memberships_contains_paid_content":false,"footnotes":"","jetpack_publicize_message":"","jetpack_publicize_feature_enabled":true,"jetpack_social_post_already_shared":true,"jetpack_social_options":{"image_generator_settings":{"template":"highway","enabled":false}}},"categories":[7],"tags":[],"class_list":["post-720","post","type-post","status-publish","format-standard","hentry","category-blog"],"jetpack_publicize_connections":[],"jetpack_featured_media_url":"","jetpack_sharing_enabled":true,"jetpack_shortlink":"https:\/\/wp.me\/paNReN-bC","jetpack-related-posts":[],"_links":{"self":[{"href":"https:\/\/fibromialgiabenavente.es\/index.php?rest_route=\/wp\/v2\/posts\/720","targetHints":{"allow":["GET"]}}],"collection":[{"href":"https:\/\/fibromialgiabenavente.es\/index.php?rest_route=\/wp\/v2\/posts"}],"about":[{"href":"https:\/\/fibromialgiabenavente.es\/index.php?rest_route=\/wp\/v2\/types\/post"}],"author":[{"embeddable":true,"href":"https:\/\/fibromialgiabenavente.es\/index.php?rest_route=\/wp\/v2\/users\/2"}],"replies":[{"embeddable":true,"href":"https:\/\/fibromialgiabenavente.es\/index.php?rest_route=%2Fwp%2Fv2%2Fcomments&post=720"}],"version-history":[{"count":2,"href":"https:\/\/fibromialgiabenavente.es\/index.php?rest_route=\/wp\/v2\/posts\/720\/revisions"}],"predecessor-version":[{"id":722,"href":"https:\/\/fibromialgiabenavente.es\/index.php?rest_route=\/wp\/v2\/posts\/720\/revisions\/722"}],"wp:attachment":[{"href":"https:\/\/fibromialgiabenavente.es\/index.php?rest_route=%2Fwp%2Fv2%2Fmedia&parent=720"}],"wp:term":[{"taxonomy":"category","embeddable":true,"href":"https:\/\/fibromialgiabenavente.es\/index.php?rest_route=%2Fwp%2Fv2%2Fcategories&post=720"},{"taxonomy":"post_tag","embeddable":true,"href":"https:\/\/fibromialgiabenavente.es\/index.php?rest_route=%2Fwp%2Fv2%2Ftags&post=720"}],"curies":[{"name":"wp","href":"https:\/\/api.w.org\/{rel}","templated":true}]}}